{"id":1955,"date":"2022-04-04T10:42:40","date_gmt":"2022-04-04T15:42:40","guid":{"rendered":"http:\/\/elveracruzano.vip\/?p=1955"},"modified":"2022-04-04T10:42:40","modified_gmt":"2022-04-04T15:42:40","slug":"secretario-de-gobernacion-trabaja-en-cumplimiento-de-agenda-de-la-cuarta-transformacion-afirma-presidente","status":"publish","type":"post","link":"https:\/\/elveracruzano.vip\/?p=1955","title":{"rendered":"Secretario de Gobernaci\u00f3n trabaja en cumplimiento de agenda de la Cuarta Transformaci\u00f3n, afirma presidente"},"content":{"rendered":"\n<p><strong>#GobiernoDeM\u00e9xico.<\/strong>&#8211; El presidente Andr\u00e9s Manuel L\u00f3pez Obrador confirm\u00f3 que el secretario de Gobernaci\u00f3n, Ad\u00e1n Augusto L\u00f3pez Hern\u00e1ndez, ha estado visitando entidades de la Rep\u00fablica como parte de sus funciones y con el objetivo de llevar a cabo las actividades de la agenda de la Cuarta Transformaci\u00f3n.<\/p>\n\n\n\n<p>\u201c\u00c9l est\u00e1 visitando los estados para cumplir con su responsabilidad, no para promover la consulta (de Revocaci\u00f3n de Mandato). No va a m\u00edtines. \u00c9l, para que se tranquilicen y se serenen los adversarios, est\u00e1 ayud\u00e1ndome en la transformaci\u00f3n, no es precandidato a la Presidencia. (\u2026) Que no se confundan, \u00e9l no est\u00e1 haciendo campa\u00f1a\u201d, subray\u00f3.<\/p>\n\n\n\n<p>En conferencia de prensa matutina, el mandatario indic\u00f3 que el titular de Segob trabaja en asuntos de beneficio para la naci\u00f3n, por lo que no participa en actos de campa\u00f1a o promoci\u00f3n.<\/p>\n\n\n\n<p>\u201cYo necesitaba un secretario de Gobernaci\u00f3n que me ayudara al cumplimiento de la agenda que tiene que ver con el inter\u00e9s p\u00fablico, con la defensa del pueblo, con la protecci\u00f3n del pueblo, con el beneficio del pueblo, con la paz, con la tranquilidad, que no tuviese su agenda, sino que me ayudara a cumplir la agenda que tiene que ver con la transformaci\u00f3n de M\u00e9xico y a eso est\u00e1 dedicado\u201d, apunt\u00f3.<\/p>\n\n\n\n<p><strong>#ElVeracruzanoVip<\/strong><\/p>\n","protected":false},"excerpt":{"rendered":"<p>#GobiernoDeM\u00e9xico.&#8211; El presidente Andr\u00e9s Manuel L\u00f3pez Obrador confirm\u00f3 que el secretario de Gobernaci\u00f3n, Ad\u00e1n Augusto L\u00f3pez Hern\u00e1ndez, ha estado visitando<\/p>\n","protected":false},"author":4,"featured_media":1956,"comment_status":"open","ping_status":"open","sticky":false,"template":"","format":"standard","meta":{"colormag_page_container_layout":"default_layout","colormag_page_sidebar_layout":"default_layout","rop_custom_images_group":[],"rop_custom_messages_group":[],"rop_publish_now":"initial","rop_publish_now_accounts":{"facebook_109133384920963_108472061465099":""},"rop_publish_now_history":[],"rop_publish_now_status":"pending","footnotes":""},"categories":[13],"tags":[45,26,20,29,19,21,23,22],"class_list":["post-1955","post","type-post","status-publish","format-standard","has-post-thumbnail","hentry","category-principales","tag-amlo","tag-el-veracruzano-vip","tag-enterate","tag-gobierno-de-mexico","tag-redes-sociales","tag-ultima-hora","tag-ultimas-noticias","tag-ultimo-minuto"],"_links":{"self":[{"href":"https:\/\/elveracruzano.vip\/index.php?rest_route=\/wp\/v2\/posts\/1955","targetHints":{"allow":["GET"]}}],"collection":[{"href":"https:\/\/elveracruzano.vip\/index.php?rest_route=\/wp\/v2\/posts"}],"about":[{"href":"https:\/\/elveracruzano.vip\/index.php?rest_route=\/wp\/v2\/types\/post"}],"author":[{"embeddable":true,"href":"https:\/\/elveracruzano.vip\/index.php?rest_route=\/wp\/v2\/users\/4"}],"replies":[{"embeddable":true,"href":"https:\/\/elveracruzano.vip\/index.php?rest_route=%2Fwp%2Fv2%2Fcomments&post=1955"}],"version-history":[{"count":1,"href":"https:\/\/elveracruzano.vip\/index.php?rest_route=\/wp\/v2\/posts\/1955\/revisions"}],"predecessor-version":[{"id":1957,"href":"https:\/\/elveracruzano.vip\/index.php?rest_route=\/wp\/v2\/posts\/1955\/revisions\/1957"}],"wp:featuredmedia":[{"embeddable":true,"href":"https:\/\/elveracruzano.vip\/index.php?rest_route=\/wp\/v2\/media\/1956"}],"wp:attachment":[{"href":"https:\/\/elveracruzano.vip\/index.php?rest_route=%2Fwp%2Fv2%2Fmedia&parent=1955"}],"wp:term":[{"taxonomy":"category","embeddable":true,"href":"https:\/\/elveracruzano.vip\/index.php?rest_route=%2Fwp%2Fv2%2Fcategories&post=1955"},{"taxonomy":"post_tag","embeddable":true,"href":"https:\/\/elveracruzano.vip\/index.php?rest_route=%2Fwp%2Fv2%2Ftags&post=1955"}],"curies":[{"name":"wp","href":"https:\/\/api.w.org\/{rel}","templated":true}]}}