{"id":1907,"date":"2022-03-30T14:20:00","date_gmt":"2022-03-30T20:20:00","guid":{"rendered":"http:\/\/elveracruzano.vip\/?p=1907"},"modified":"2022-03-30T11:22:24","modified_gmt":"2022-03-30T17:22:24","slug":"sev-da-voz-a-los-pueblos-originarios-para-construir-la-nueva-escuela-mexicana","status":"publish","type":"post","link":"https:\/\/elveracruzano.vip\/?p=1907","title":{"rendered":"SEV da voz a los pueblos originarios para construir la Nueva Escuela Mexicana"},"content":{"rendered":"\n<p><strong>#Papantla<\/strong>, <strong>#Ver<\/strong>.- Un total de 706 docentes participaron en los \u201cDi\u00e1logos comunitarios en regiones ind\u00edgenas, afromexicanas e interculturales sobre la transformaci\u00f3n curricular en Educaci\u00f3n B\u00e1sica\u201d, desarrollados en los municipios de Papantla, Tequila y Acayucan.<\/p>\n\n\n\n<p>El objetivo era que padres de familia, autoridades, sabios, estudiantes y profesores intercambiaran ideas en torno a la construcci\u00f3n de la nueva pol\u00edtica educativa (Nueva Escuela Mexicana), cuyo eje central es el bienestar colectivo. Por primera vez hubo espacio para hablantes del n\u00e1huatl, popoluca de la sierra, mixe popoluca, zapoteco, mixteco y chinanteco.<\/p>\n\n\n\n<p>Al abordar el papel hist\u00f3rico de la escuela como punto donde confluyen objetivos acad\u00e9micos y la diversidad social, el marco curricular y plan de estudios para la Educaci\u00f3n B\u00e1sica coloca a la comunidad en el centro, al docente como mediador y a la instituci\u00f3n como articuladora de las relaciones pedag\u00f3gicas y el proceso de ense\u00f1anza-aprendizaje.<\/p>\n\n\n\n<p>De acuerdo con la Subsecretar\u00eda de Educaci\u00f3n B\u00e1sica, Veracruz alberga 13 grupos ind\u00edgenas con reconocimiento oficial y tambi\u00e9n es hogar de poblaci\u00f3n afrodescendiente, de ah\u00ed la trascendencia de incluir las visiones de cada uno.<\/p>\n\n\n\n<p><strong>#ElVeracruzanoVip<\/strong><\/p>\n","protected":false},"excerpt":{"rendered":"<p>#Papantla, #Ver.- Un total de 706 docentes participaron en los \u201cDi\u00e1logos comunitarios en regiones ind\u00edgenas, afromexicanas e interculturales sobre la<\/p>\n","protected":false},"author":4,"featured_media":1908,"comment_status":"open","ping_status":"open","sticky":false,"template":"","format":"standard","meta":{"colormag_page_container_layout":"default_layout","colormag_page_sidebar_layout":"default_layout","rop_custom_images_group":[],"rop_custom_messages_group":[],"rop_publish_now":"initial","rop_publish_now_accounts":{"facebook_109133384920963_108472061465099":""},"rop_publish_now_history":[],"rop_publish_now_status":"pending","footnotes":""},"categories":[14],"tags":[17,26,20,18,19,21,23,22],"class_list":["post-1907","post","type-post","status-publish","format-standard","has-post-thumbnail","hentry","category-secretarias","tag-cuitlahuac-garcia-jimenez","tag-el-veracruzano-vip","tag-enterate","tag-gobierno-del-estado-de-veracruz","tag-redes-sociales","tag-ultima-hora","tag-ultimas-noticias","tag-ultimo-minuto"],"_links":{"self":[{"href":"https:\/\/elveracruzano.vip\/index.php?rest_route=\/wp\/v2\/posts\/1907","targetHints":{"allow":["GET"]}}],"collection":[{"href":"https:\/\/elveracruzano.vip\/index.php?rest_route=\/wp\/v2\/posts"}],"about":[{"href":"https:\/\/elveracruzano.vip\/index.php?rest_route=\/wp\/v2\/types\/post"}],"author":[{"embeddable":true,"href":"https:\/\/elveracruzano.vip\/index.php?rest_route=\/wp\/v2\/users\/4"}],"replies":[{"embeddable":true,"href":"https:\/\/elveracruzano.vip\/index.php?rest_route=%2Fwp%2Fv2%2Fcomments&post=1907"}],"version-history":[{"count":1,"href":"https:\/\/elveracruzano.vip\/index.php?rest_route=\/wp\/v2\/posts\/1907\/revisions"}],"predecessor-version":[{"id":1909,"href":"https:\/\/elveracruzano.vip\/index.php?rest_route=\/wp\/v2\/posts\/1907\/revisions\/1909"}],"wp:featuredmedia":[{"embeddable":true,"href":"https:\/\/elveracruzano.vip\/index.php?rest_route=\/wp\/v2\/media\/1908"}],"wp:attachment":[{"href":"https:\/\/elveracruzano.vip\/index.php?rest_route=%2Fwp%2Fv2%2Fmedia&parent=1907"}],"wp:term":[{"taxonomy":"category","embeddable":true,"href":"https:\/\/elveracruzano.vip\/index.php?rest_route=%2Fwp%2Fv2%2Fcategories&post=1907"},{"taxonomy":"post_tag","embeddable":true,"href":"https:\/\/elveracruzano.vip\/index.php?rest_route=%2Fwp%2Fv2%2Ftags&post=1907"}],"curies":[{"name":"wp","href":"https:\/\/api.w.org\/{rel}","templated":true}]}}