{"id":1832,"date":"2022-03-22T10:57:18","date_gmt":"2022-03-22T16:57:18","guid":{"rendered":"http:\/\/elveracruzano.vip\/?p=1832"},"modified":"2022-03-22T10:57:18","modified_gmt":"2022-03-22T16:57:18","slug":"refrenda-boca-del-rio-su-compromiso-de-brindar-las-herramientas-para-construir-un-futuro","status":"publish","type":"post","link":"https:\/\/elveracruzano.vip\/?p=1832","title":{"rendered":"Refrenda Boca del R\u00edo, su compromiso de brindar las herramientas para construir un futuro"},"content":{"rendered":"\n<p><strong>#BocaDelR\u00edo<\/strong>, <strong>#Ver<\/strong>.- En el marco del homenaje a Don Benito Ju\u00e1rez, el municipio de Boca del R\u00edo, refrend\u00f3 su principal misi\u00f3n como gobierno: garantizar que todo boque\u00f1o tenga acceso a las herramientas que le permitan construir el camino hacia sus sue\u00f1os.<\/p>\n\n\n\n<div class=\"wp-block-image\"><figure class=\"aligncenter size-full is-resized\"><img loading=\"lazy\" decoding=\"async\" src=\"http:\/\/elveracruzano.vip\/wp-content\/uploads\/2022\/03\/boca2-4.jpg\" alt=\"\" class=\"wp-image-1833\" width=\"449\" height=\"299\" srcset=\"https:\/\/elveracruzano.vip\/wp-content\/uploads\/2022\/03\/boca2-4.jpg 960w, https:\/\/elveracruzano.vip\/wp-content\/uploads\/2022\/03\/boca2-4-300x200.jpg 300w, https:\/\/elveracruzano.vip\/wp-content\/uploads\/2022\/03\/boca2-4-768x512.jpg 768w, https:\/\/elveracruzano.vip\/wp-content\/uploads\/2022\/03\/boca2-4-600x400.jpg 600w\" sizes=\"auto, (max-width: 449px) 100vw, 449px\" \/><\/figure><\/div>\n\n\n\n<p><strong>#ElVeracruzanoVip<\/strong><\/p>\n","protected":false},"excerpt":{"rendered":"<p>#BocaDelR\u00edo, #Ver.- En el marco del homenaje a Don Benito Ju\u00e1rez, el municipio de Boca del R\u00edo, refrend\u00f3 su principal<\/p>\n","protected":false},"author":4,"featured_media":1834,"comment_status":"open","ping_status":"open","sticky":false,"template":"","format":"standard","meta":{"colormag_page_container_layout":"default_layout","colormag_page_sidebar_layout":"default_layout","rop_custom_images_group":[],"rop_custom_messages_group":[],"rop_publish_now":"initial","rop_publish_now_accounts":{"facebook_109133384920963_108472061465099":""},"rop_publish_now_history":[],"rop_publish_now_status":"pending","footnotes":""},"categories":[11],"tags":[35,17,76,26,20,18,19,21,23,22],"class_list":["post-1832","post","type-post","status-publish","format-standard","has-post-thumbnail","hentry","category-municipios-destacados","tag-boca-del-rio","tag-cuitlahuac-garcia-jimenez","tag-dif-boca-del-rio","tag-el-veracruzano-vip","tag-enterate","tag-gobierno-del-estado-de-veracruz","tag-redes-sociales","tag-ultima-hora","tag-ultimas-noticias","tag-ultimo-minuto"],"_links":{"self":[{"href":"https:\/\/elveracruzano.vip\/index.php?rest_route=\/wp\/v2\/posts\/1832","targetHints":{"allow":["GET"]}}],"collection":[{"href":"https:\/\/elveracruzano.vip\/index.php?rest_route=\/wp\/v2\/posts"}],"about":[{"href":"https:\/\/elveracruzano.vip\/index.php?rest_route=\/wp\/v2\/types\/post"}],"author":[{"embeddable":true,"href":"https:\/\/elveracruzano.vip\/index.php?rest_route=\/wp\/v2\/users\/4"}],"replies":[{"embeddable":true,"href":"https:\/\/elveracruzano.vip\/index.php?rest_route=%2Fwp%2Fv2%2Fcomments&post=1832"}],"version-history":[{"count":1,"href":"https:\/\/elveracruzano.vip\/index.php?rest_route=\/wp\/v2\/posts\/1832\/revisions"}],"predecessor-version":[{"id":1835,"href":"https:\/\/elveracruzano.vip\/index.php?rest_route=\/wp\/v2\/posts\/1832\/revisions\/1835"}],"wp:featuredmedia":[{"embeddable":true,"href":"https:\/\/elveracruzano.vip\/index.php?rest_route=\/wp\/v2\/media\/1834"}],"wp:attachment":[{"href":"https:\/\/elveracruzano.vip\/index.php?rest_route=%2Fwp%2Fv2%2Fmedia&parent=1832"}],"wp:term":[{"taxonomy":"category","embeddable":true,"href":"https:\/\/elveracruzano.vip\/index.php?rest_route=%2Fwp%2Fv2%2Fcategories&post=1832"},{"taxonomy":"post_tag","embeddable":true,"href":"https:\/\/elveracruzano.vip\/index.php?rest_route=%2Fwp%2Fv2%2Ftags&post=1832"}],"curies":[{"name":"wp","href":"https:\/\/api.w.org\/{rel}","templated":true}]}}