{"id":1828,"date":"2022-03-22T10:53:30","date_gmt":"2022-03-22T16:53:30","guid":{"rendered":"http:\/\/elveracruzano.vip\/?p=1828"},"modified":"2022-03-22T10:53:30","modified_gmt":"2022-03-22T16:53:30","slug":"se-llevo-a-cabo-en-orizaba-concierto-en-conmemoracion-del-dia-mundial-del-sindrome-de-down","status":"publish","type":"post","link":"https:\/\/elveracruzano.vip\/?p=1828","title":{"rendered":"Se llev\u00f3 a cabo en Orizaba, concierto en conmemoraci\u00f3n del D\u00eda Mundial del S\u00edndrome de Down"},"content":{"rendered":"\n<p><strong>#Orizaba<\/strong>, <strong>#Ver.<\/strong>&#8211; Se llev\u00f3 a cabo el concierto en conmemoraci\u00f3n del D\u00eda Mundial del S\u00edndrome de Down en el Teatro Ignacio de la Llave, contando con la presencia del Coordinador de Cultura el Lic. Luis Bautista y el Presidente de DIF Orizaba El Lic. Hugo Chah\u00edn Kuri.<\/p>\n\n\n\n<p>En esta presentaci\u00f3n participaron art\u00edstas locales quienes de forma altruista se unieron a este concierto.<\/p>\n\n\n\n<div class=\"wp-block-image\"><figure class=\"aligncenter size-full is-resized\"><img loading=\"lazy\" decoding=\"async\" src=\"http:\/\/elveracruzano.vip\/wp-content\/uploads\/2022\/03\/ori2-1.jpg\" alt=\"\" class=\"wp-image-1829\" width=\"508\" height=\"339\" srcset=\"https:\/\/elveracruzano.vip\/wp-content\/uploads\/2022\/03\/ori2-1.jpg 960w, https:\/\/elveracruzano.vip\/wp-content\/uploads\/2022\/03\/ori2-1-300x200.jpg 300w, https:\/\/elveracruzano.vip\/wp-content\/uploads\/2022\/03\/ori2-1-768x512.jpg 768w, https:\/\/elveracruzano.vip\/wp-content\/uploads\/2022\/03\/ori2-1-600x400.jpg 600w\" sizes=\"auto, (max-width: 508px) 100vw, 508px\" \/><\/figure><\/div>\n\n\n\n<p><strong>#ElVeracruzanoVip<\/strong><\/p>\n","protected":false},"excerpt":{"rendered":"<p>#Orizaba, #Ver.&#8211; Se llev\u00f3 a cabo el concierto en conmemoraci\u00f3n del D\u00eda Mundial del S\u00edndrome de Down en el Teatro<\/p>\n","protected":false},"author":4,"featured_media":1830,"comment_status":"open","ping_status":"open","sticky":false,"template":"","format":"standard","meta":{"colormag_page_container_layout":"default_layout","colormag_page_sidebar_layout":"default_layout","rop_custom_images_group":[],"rop_custom_messages_group":[],"rop_publish_now":"initial","rop_publish_now_accounts":{"facebook_109133384920963_108472061465099":""},"rop_publish_now_history":[],"rop_publish_now_status":"pending","footnotes":""},"categories":[11],"tags":[53,92,26,20,19,21,23,22],"class_list":["post-1828","post","type-post","status-publish","format-standard","has-post-thumbnail","hentry","category-municipios-destacados","tag-ayuntamiento-de-orizaba","tag-dif-orizaba","tag-el-veracruzano-vip","tag-enterate","tag-redes-sociales","tag-ultima-hora","tag-ultimas-noticias","tag-ultimo-minuto"],"_links":{"self":[{"href":"https:\/\/elveracruzano.vip\/index.php?rest_route=\/wp\/v2\/posts\/1828","targetHints":{"allow":["GET"]}}],"collection":[{"href":"https:\/\/elveracruzano.vip\/index.php?rest_route=\/wp\/v2\/posts"}],"about":[{"href":"https:\/\/elveracruzano.vip\/index.php?rest_route=\/wp\/v2\/types\/post"}],"author":[{"embeddable":true,"href":"https:\/\/elveracruzano.vip\/index.php?rest_route=\/wp\/v2\/users\/4"}],"replies":[{"embeddable":true,"href":"https:\/\/elveracruzano.vip\/index.php?rest_route=%2Fwp%2Fv2%2Fcomments&post=1828"}],"version-history":[{"count":1,"href":"https:\/\/elveracruzano.vip\/index.php?rest_route=\/wp\/v2\/posts\/1828\/revisions"}],"predecessor-version":[{"id":1831,"href":"https:\/\/elveracruzano.vip\/index.php?rest_route=\/wp\/v2\/posts\/1828\/revisions\/1831"}],"wp:featuredmedia":[{"embeddable":true,"href":"https:\/\/elveracruzano.vip\/index.php?rest_route=\/wp\/v2\/media\/1830"}],"wp:attachment":[{"href":"https:\/\/elveracruzano.vip\/index.php?rest_route=%2Fwp%2Fv2%2Fmedia&parent=1828"}],"wp:term":[{"taxonomy":"category","embeddable":true,"href":"https:\/\/elveracruzano.vip\/index.php?rest_route=%2Fwp%2Fv2%2Fcategories&post=1828"},{"taxonomy":"post_tag","embeddable":true,"href":"https:\/\/elveracruzano.vip\/index.php?rest_route=%2Fwp%2Fv2%2Ftags&post=1828"}],"curies":[{"name":"wp","href":"https:\/\/api.w.org\/{rel}","templated":true}]}}