{"id":1798,"date":"2022-03-18T19:56:00","date_gmt":"2022-03-19T01:56:00","guid":{"rendered":"http:\/\/elveracruzano.vip\/?p=1798"},"modified":"2022-03-18T10:58:51","modified_gmt":"2022-03-18T16:58:51","slug":"entrega-sedeti-primeros-creditos-de-impulso-al-autoempleo-en-tijuana","status":"publish","type":"post","link":"https:\/\/elveracruzano.vip\/?p=1798","title":{"rendered":"Entrega SEDETI, primeros cr\u00e9ditos de impulso al autoempleo en Tijuana"},"content":{"rendered":"\n<p><strong>#Tijuana<\/strong>, <strong>#BajaCalifornia<\/strong>.- La Secretar\u00eda de Desarrollo Econ\u00f3mico (SEDETI), entreg\u00f3 los primeros 10 cr\u00e9ditos de Impulso al Autoempleo, programa que otorga pr\u00e9stamos hasta por 25 mil pesos con un tres por ciento de tasa anual a pagar en un plazo de 12 meses.<\/p>\n\n\n\n<p>Los interesados deben presentar un presupuesto, no un proyecto, del material que requieran para iniciar su negocio, adem\u00e1s, lo pueden solicitar aquellos que no se encuentren dados de alta en la Secretar\u00eda de Hacienda y Cr\u00e9dito P\u00fablico (SHCP) como, por ejemplo, los comerciantes ambulantes.<\/p>\n\n\n\n<p>En el caso del programa Fortalecimiento a la Micro y Peque\u00f1a Empresa, los solicitantes pueden acceder hasta los 200 mil pesos con una tasa de inter\u00e9s del seis por ciento anual para liquidarlo en un plazo de 24 meses, quienes deben presentar un proyecto formal para concursar por obtenerlo.<\/p>\n\n\n\n<p>En lo que se refiere al programa Emprende tu Futuro, los j\u00f3venes universitarios que no excedan los cinco a\u00f1os de haber culminado su cerrera profesional, tambi\u00e9n pueden ser acreedores a un pr\u00e9stamo no mayor a 50 mil pesos, con una tasa anual del seis por ciento y 24 meses para liquidarlo.<\/p>\n\n\n\n<p><strong>#ElVeracruzanoVip<\/strong><\/p>\n","protected":false},"excerpt":{"rendered":"<p>#Tijuana, #BajaCalifornia.- La Secretar\u00eda de Desarrollo Econ\u00f3mico (SEDETI), entreg\u00f3 los primeros 10 cr\u00e9ditos de Impulso al Autoempleo, programa que otorga<\/p>\n","protected":false},"author":4,"featured_media":1799,"comment_status":"open","ping_status":"open","sticky":false,"template":"","format":"standard","meta":{"colormag_page_container_layout":"default_layout","colormag_page_sidebar_layout":"default_layout","rop_custom_images_group":[],"rop_custom_messages_group":[],"rop_publish_now":"initial","rop_publish_now_accounts":{"facebook_109133384920963_108472061465099":""},"rop_publish_now_history":[],"rop_publish_now_status":"pending","footnotes":""},"categories":[12],"tags":[68,26,20,79,19,21,23,22],"class_list":["post-1798","post","type-post","status-publish","format-standard","has-post-thumbnail","hentry","category-municipios-en-mexico","tag-ayuntamiento-de-tijuana","tag-el-veracruzano-vip","tag-enterate","tag-gobierno-del-estado-de-baja-california","tag-redes-sociales","tag-ultima-hora","tag-ultimas-noticias","tag-ultimo-minuto"],"_links":{"self":[{"href":"https:\/\/elveracruzano.vip\/index.php?rest_route=\/wp\/v2\/posts\/1798","targetHints":{"allow":["GET"]}}],"collection":[{"href":"https:\/\/elveracruzano.vip\/index.php?rest_route=\/wp\/v2\/posts"}],"about":[{"href":"https:\/\/elveracruzano.vip\/index.php?rest_route=\/wp\/v2\/types\/post"}],"author":[{"embeddable":true,"href":"https:\/\/elveracruzano.vip\/index.php?rest_route=\/wp\/v2\/users\/4"}],"replies":[{"embeddable":true,"href":"https:\/\/elveracruzano.vip\/index.php?rest_route=%2Fwp%2Fv2%2Fcomments&post=1798"}],"version-history":[{"count":1,"href":"https:\/\/elveracruzano.vip\/index.php?rest_route=\/wp\/v2\/posts\/1798\/revisions"}],"predecessor-version":[{"id":1800,"href":"https:\/\/elveracruzano.vip\/index.php?rest_route=\/wp\/v2\/posts\/1798\/revisions\/1800"}],"wp:featuredmedia":[{"embeddable":true,"href":"https:\/\/elveracruzano.vip\/index.php?rest_route=\/wp\/v2\/media\/1799"}],"wp:attachment":[{"href":"https:\/\/elveracruzano.vip\/index.php?rest_route=%2Fwp%2Fv2%2Fmedia&parent=1798"}],"wp:term":[{"taxonomy":"category","embeddable":true,"href":"https:\/\/elveracruzano.vip\/index.php?rest_route=%2Fwp%2Fv2%2Fcategories&post=1798"},{"taxonomy":"post_tag","embeddable":true,"href":"https:\/\/elveracruzano.vip\/index.php?rest_route=%2Fwp%2Fv2%2Ftags&post=1798"}],"curies":[{"name":"wp","href":"https:\/\/api.w.org\/{rel}","templated":true}]}}