{"id":1756,"date":"2022-03-16T10:58:46","date_gmt":"2022-03-16T16:58:46","guid":{"rendered":"http:\/\/elveracruzano.vip\/?p=1756"},"modified":"2022-03-16T10:58:46","modified_gmt":"2022-03-16T16:58:46","slug":"lleva-a-cabo-coatepec-la-presentacion-del-libro-titulado-recorrido-magico-por-coatepec","status":"publish","type":"post","link":"https:\/\/elveracruzano.vip\/?p=1756","title":{"rendered":"Lleva a cabo Coatepec, la presentaci\u00f3n del libro titulado \u201cRecorrido m\u00e1gico por Coatepec\u201d"},"content":{"rendered":"\n<p><strong>#Coatepec<\/strong>, <strong>#Ver<\/strong>.- Asistieron al evento autoridades municipales, estatales y empresas privadas que apoyaron a la construcci\u00f3n de este gran proyecto.Entre los asistentes estuvieron el Ing. Raymundo Andrade Rivera, Presidente Municipal de Coatepec; Mtra. Linda Rub\u00ed Mart\u00ednez D\u00edaz, S\u00edndica del H. Ayuntamiento de Coatepec; Lic. Jos\u00e9 Ram\u00f3n Torres P\u00e9rez, Representante de la Subsecretar\u00eda de Educaci\u00f3n B\u00e1sica de Veracruz; Lic. Givette Orea de P\u00e9rez, Presidenta del Comit\u00e9 Ciudadano de Pueblos M\u00e1gico Coatepec; Mtra. Paola Nube Blanca Garc\u00eda Esquivel, Coordinadora del Programa Estatal Estilos de Vida Saludable; Mtra. Julieta Jim\u00e9nez, Responsable de la Estrategia \u201cMujeres Insurgentes\u201d y principal promotora de la lectura en el Estado de Veracruz; Mtro. Jorge Rogelio Gallegos Lur\u00eda, Director de Planeaci\u00f3n y Desarrollo Tur\u00edstico Regional de la Secretar\u00eda de Turismo y Cultura; Ing. Jorge Sandoval, Gerente F\u00e1brica Nestl\u00e9 Coatepec; Lic. Francisco Cuevas Ferrer, Consejo Gastron\u00f3mico Veracruzano y el representante de las alumnas y los alumnos de tercer grado de primaria del municipio de Coatepec.<\/p>\n\n\n\n<div class=\"wp-block-image\"><figure class=\"aligncenter size-large is-resized\"><img loading=\"lazy\" decoding=\"async\" src=\"http:\/\/elveracruzano.vip\/wp-content\/uploads\/2022\/03\/coa2-3-1024x575.jpg\" alt=\"\" class=\"wp-image-1757\" width=\"566\" height=\"318\" srcset=\"https:\/\/elveracruzano.vip\/wp-content\/uploads\/2022\/03\/coa2-3-1024x575.jpg 1024w, https:\/\/elveracruzano.vip\/wp-content\/uploads\/2022\/03\/coa2-3-300x169.jpg 300w, https:\/\/elveracruzano.vip\/wp-content\/uploads\/2022\/03\/coa2-3-768x432.jpg 768w, https:\/\/elveracruzano.vip\/wp-content\/uploads\/2022\/03\/coa2-3-1536x863.jpg 1536w, https:\/\/elveracruzano.vip\/wp-content\/uploads\/2022\/03\/coa2-3-600x337.jpg 600w, https:\/\/elveracruzano.vip\/wp-content\/uploads\/2022\/03\/coa2-3.jpg 1600w\" sizes=\"auto, (max-width: 566px) 100vw, 566px\" \/><\/figure><\/div>\n\n\n\n<p><strong>#ElVeracruzanoVip<\/strong><\/p>\n","protected":false},"excerpt":{"rendered":"<p>#Coatepec, #Ver.- Asistieron al evento autoridades municipales, estatales y empresas privadas que apoyaron a la construcci\u00f3n de este gran proyecto.Entre<\/p>\n","protected":false},"author":4,"featured_media":1758,"comment_status":"open","ping_status":"open","sticky":false,"template":"","format":"standard","meta":{"colormag_page_container_layout":"default_layout","colormag_page_sidebar_layout":"default_layout","rop_custom_images_group":[],"rop_custom_messages_group":[],"rop_publish_now":"initial","rop_publish_now_accounts":{"facebook_109133384920963_108472061465099":""},"rop_publish_now_history":[],"rop_publish_now_status":"pending","footnotes":""},"categories":[10],"tags":[50,26,20,18,83,19,21,23,22],"class_list":["post-1756","post","type-post","status-publish","format-standard","has-post-thumbnail","hentry","category-municipios","tag-dif-coatepec","tag-el-veracruzano-vip","tag-enterate","tag-gobierno-del-estado-de-veracruz","tag-gobierno-municipal-de-coatepec","tag-redes-sociales","tag-ultima-hora","tag-ultimas-noticias","tag-ultimo-minuto"],"_links":{"self":[{"href":"https:\/\/elveracruzano.vip\/index.php?rest_route=\/wp\/v2\/posts\/1756","targetHints":{"allow":["GET"]}}],"collection":[{"href":"https:\/\/elveracruzano.vip\/index.php?rest_route=\/wp\/v2\/posts"}],"about":[{"href":"https:\/\/elveracruzano.vip\/index.php?rest_route=\/wp\/v2\/types\/post"}],"author":[{"embeddable":true,"href":"https:\/\/elveracruzano.vip\/index.php?rest_route=\/wp\/v2\/users\/4"}],"replies":[{"embeddable":true,"href":"https:\/\/elveracruzano.vip\/index.php?rest_route=%2Fwp%2Fv2%2Fcomments&post=1756"}],"version-history":[{"count":1,"href":"https:\/\/elveracruzano.vip\/index.php?rest_route=\/wp\/v2\/posts\/1756\/revisions"}],"predecessor-version":[{"id":1759,"href":"https:\/\/elveracruzano.vip\/index.php?rest_route=\/wp\/v2\/posts\/1756\/revisions\/1759"}],"wp:featuredmedia":[{"embeddable":true,"href":"https:\/\/elveracruzano.vip\/index.php?rest_route=\/wp\/v2\/media\/1758"}],"wp:attachment":[{"href":"https:\/\/elveracruzano.vip\/index.php?rest_route=%2Fwp%2Fv2%2Fmedia&parent=1756"}],"wp:term":[{"taxonomy":"category","embeddable":true,"href":"https:\/\/elveracruzano.vip\/index.php?rest_route=%2Fwp%2Fv2%2Fcategories&post=1756"},{"taxonomy":"post_tag","embeddable":true,"href":"https:\/\/elveracruzano.vip\/index.php?rest_route=%2Fwp%2Fv2%2Ftags&post=1756"}],"curies":[{"name":"wp","href":"https:\/\/api.w.org\/{rel}","templated":true}]}}