{"id":1736,"date":"2022-03-16T16:45:00","date_gmt":"2022-03-16T22:45:00","guid":{"rendered":"http:\/\/elveracruzano.vip\/?p=1736"},"modified":"2022-03-16T10:46:36","modified_gmt":"2022-03-16T16:46:36","slug":"inicia-segundo-diplomado-internacional-tactico-k9-perros-multiproposito-en-veracruz","status":"publish","type":"post","link":"https:\/\/elveracruzano.vip\/?p=1736","title":{"rendered":"Inicia segundo Diplomado Internacional T\u00e1ctico K9 Perros Multiprop\u00f3sito en Veracruz"},"content":{"rendered":"\n<p><strong>#EmilianoZapata<\/strong>, <strong>#Ver<\/strong>.- Por segundo a\u00f1o consecutivo, la Secretar\u00eda de Seguridad P\u00fablica (SSP) imparte el Diplomado Internacional T\u00e1ctico K9 Perros Multiprop\u00f3sito y ratifica a Veracruz como referente en la formaci\u00f3n policial, brindando t\u00e9cnicas de detecci\u00f3n de narc\u00f3ticos, explosivos, b\u00fasqueda de personas, guardia y protecci\u00f3n, intervenciones terrestres y acu\u00e1ticas, operaciones aerom\u00f3viles y proximidad ciudadana.<\/p>\n\n\n\n<p>El gobernador Cuitl\u00e1huac Garc\u00eda Jim\u00e9nez destac\u00f3 la pol\u00edtica de seguridad actual que no s\u00f3lo atiende la desigualdad social sino que va al fondo de la problem\u00e1tica y prioriza la profesionalizaci\u00f3n de sus cuerpos de \u00e9lite para una impartici\u00f3n de justicia de alto nivel. Record\u00f3 que en las \u00faltimas d\u00e9cadas la delincuencia tuvo mucho eco en sectores desprotegidos, pero cursos como \u00e9ste disminuyen su capacidad y por ello \u201chemos reducido los delitos de alto impacto\u201d.<\/p>\n\n\n\n<p>A su vez, el director general de Fuerza Civil, Rafael \u00c1ngel Gonz\u00e1lez Uscanga, dijo que esta segunda edici\u00f3n integra el fundamento jur\u00eddico que permiti\u00f3 a la SSP ser pionera en crear y tener aprobado el Protocolo de Actuaci\u00f3n Policial con el uso de agentes caninos en M\u00e9xico, regido bajo un estricto respeto a los derechos humanos y sin que el despliegue resulte intrusivo.<\/p>\n\n\n\n<p>Cabe mencionar que la Compa\u00f1\u00eda K9 est\u00e1 avalada por la Asociaci\u00f3n Internacional de Formaci\u00f3n y Capacitaci\u00f3n de Adiestradores de Perros en M\u00e9xico, la Asociaci\u00f3n para la Certificaci\u00f3n de Perros de Servicio, el Secretariado Ejecutivo del Sistema Nacional de Seguridad P\u00fablica y los gobiernos de Estados Unidos, Francia, Espa\u00f1a, Canad\u00e1, Bosnia y Herzegovina, Rep\u00fablica Dominicana, Cuba, Ecuador y Colombia.<\/p>\n\n\n\n<p><strong>#ElVeracruzanoVip<\/strong><\/p>\n","protected":false},"excerpt":{"rendered":"<p>#EmilianoZapata, #Ver.- Por segundo a\u00f1o consecutivo, la Secretar\u00eda de Seguridad P\u00fablica (SSP) imparte el Diplomado Internacional T\u00e1ctico K9 Perros Multiprop\u00f3sito<\/p>\n","protected":false},"author":4,"featured_media":1737,"comment_status":"open","ping_status":"open","sticky":false,"template":"","format":"standard","meta":{"colormag_page_container_layout":"default_layout","colormag_page_sidebar_layout":"default_layout","rop_custom_images_group":[],"rop_custom_messages_group":[],"rop_publish_now":"initial","rop_publish_now_accounts":{"facebook_109133384920963_108472061465099":""},"rop_publish_now_history":[],"rop_publish_now_status":"pending","footnotes":""},"categories":[14],"tags":[17,26,20,18,19,84,21,23,22],"class_list":["post-1736","post","type-post","status-publish","format-standard","has-post-thumbnail","hentry","category-secretarias","tag-cuitlahuac-garcia-jimenez","tag-el-veracruzano-vip","tag-enterate","tag-gobierno-del-estado-de-veracruz","tag-redes-sociales","tag-secretaria-de-proteccion-civil-del-estado-de-veracruz","tag-ultima-hora","tag-ultimas-noticias","tag-ultimo-minuto"],"_links":{"self":[{"href":"https:\/\/elveracruzano.vip\/index.php?rest_route=\/wp\/v2\/posts\/1736","targetHints":{"allow":["GET"]}}],"collection":[{"href":"https:\/\/elveracruzano.vip\/index.php?rest_route=\/wp\/v2\/posts"}],"about":[{"href":"https:\/\/elveracruzano.vip\/index.php?rest_route=\/wp\/v2\/types\/post"}],"author":[{"embeddable":true,"href":"https:\/\/elveracruzano.vip\/index.php?rest_route=\/wp\/v2\/users\/4"}],"replies":[{"embeddable":true,"href":"https:\/\/elveracruzano.vip\/index.php?rest_route=%2Fwp%2Fv2%2Fcomments&post=1736"}],"version-history":[{"count":1,"href":"https:\/\/elveracruzano.vip\/index.php?rest_route=\/wp\/v2\/posts\/1736\/revisions"}],"predecessor-version":[{"id":1738,"href":"https:\/\/elveracruzano.vip\/index.php?rest_route=\/wp\/v2\/posts\/1736\/revisions\/1738"}],"wp:featuredmedia":[{"embeddable":true,"href":"https:\/\/elveracruzano.vip\/index.php?rest_route=\/wp\/v2\/media\/1737"}],"wp:attachment":[{"href":"https:\/\/elveracruzano.vip\/index.php?rest_route=%2Fwp%2Fv2%2Fmedia&parent=1736"}],"wp:term":[{"taxonomy":"category","embeddable":true,"href":"https:\/\/elveracruzano.vip\/index.php?rest_route=%2Fwp%2Fv2%2Fcategories&post=1736"},{"taxonomy":"post_tag","embeddable":true,"href":"https:\/\/elveracruzano.vip\/index.php?rest_route=%2Fwp%2Fv2%2Ftags&post=1736"}],"curies":[{"name":"wp","href":"https:\/\/api.w.org\/{rel}","templated":true}]}}