{"id":1714,"date":"2022-03-15T12:16:58","date_gmt":"2022-03-15T18:16:58","guid":{"rendered":"http:\/\/elveracruzano.vip\/?p=1714"},"modified":"2022-03-15T12:16:58","modified_gmt":"2022-03-15T18:16:58","slug":"entrega-municipio-de-orizaba-actas-matrimoniales-en-el-salon-emperador","status":"publish","type":"post","link":"https:\/\/elveracruzano.vip\/?p=1714","title":{"rendered":"Entrega municipio de Orizaba, Actas Matrimoniales en el Sal\u00f3n Emperador"},"content":{"rendered":"\n<p class=\"wp-block-paragraph\"><strong>#Orizaba<\/strong>, <strong>#Ver<\/strong>.- El ayuntamiento de Orizaba, llev\u00f3 a cabo la entrega de Actas Matrimoniales en el Sal\u00f3n Emperador ubicado en el interior de Poliforum Mier y Pesado a todas las parejas que participaron en la campa\u00f1a de Matrimonios Colectivos. Se cont\u00f3 con la presencia del Alcalde Lic. Juan Manuel Diez Francos, el Presidente de DIF Orizaba Lic. Hugo Cha\u00edn Kuri y miembros del Cabildo Municipal.<\/p>\n\n\n\n<div class=\"wp-block-image\"><figure class=\"aligncenter size-large is-resized\"><img loading=\"lazy\" decoding=\"async\" src=\"http:\/\/elveracruzano.vip\/wp-content\/uploads\/2022\/03\/ori2-1024x683.jpg\" alt=\"\" class=\"wp-image-1715\" width=\"489\" height=\"326\" srcset=\"https:\/\/elveracruzano.vip\/wp-content\/uploads\/2022\/03\/ori2-1024x683.jpg 1024w, https:\/\/elveracruzano.vip\/wp-content\/uploads\/2022\/03\/ori2-300x200.jpg 300w, https:\/\/elveracruzano.vip\/wp-content\/uploads\/2022\/03\/ori2-768x512.jpg 768w, https:\/\/elveracruzano.vip\/wp-content\/uploads\/2022\/03\/ori2-1536x1024.jpg 1536w, https:\/\/elveracruzano.vip\/wp-content\/uploads\/2022\/03\/ori2-600x400.jpg 600w, https:\/\/elveracruzano.vip\/wp-content\/uploads\/2022\/03\/ori2.jpg 1560w\" sizes=\"auto, (max-width: 489px) 100vw, 489px\" \/><\/figure><\/div>\n\n\n\n<p class=\"wp-block-paragraph\"><strong>#ElVeracruzanoVip<\/strong><\/p>\n","protected":false},"excerpt":{"rendered":"<p>#Orizaba, #Ver.- El ayuntamiento de Orizaba, llev\u00f3 a cabo la entrega de Actas Matrimoniales en el Sal\u00f3n Emperador ubicado en<\/p>\n","protected":false},"author":4,"featured_media":1716,"comment_status":"open","ping_status":"open","sticky":false,"template":"","format":"standard","meta":{"colormag_page_container_layout":"default_layout","colormag_page_sidebar_layout":"default_layout","rop_custom_images_group":[],"rop_custom_messages_group":[],"rop_publish_now":"initial","rop_publish_now_accounts":{"facebook_109133384920963_108472061465099":""},"rop_publish_now_history":[],"rop_publish_now_status":"pending","footnotes":""},"categories":[11],"tags":[53,17,92,26,20,18,19,21,23,22],"class_list":["post-1714","post","type-post","status-publish","format-standard","has-post-thumbnail","hentry","category-municipios-destacados","tag-ayuntamiento-de-orizaba","tag-cuitlahuac-garcia-jimenez","tag-dif-orizaba","tag-el-veracruzano-vip","tag-enterate","tag-gobierno-del-estado-de-veracruz","tag-redes-sociales","tag-ultima-hora","tag-ultimas-noticias","tag-ultimo-minuto"],"_links":{"self":[{"href":"https:\/\/elveracruzano.vip\/index.php?rest_route=\/wp\/v2\/posts\/1714","targetHints":{"allow":["GET"]}}],"collection":[{"href":"https:\/\/elveracruzano.vip\/index.php?rest_route=\/wp\/v2\/posts"}],"about":[{"href":"https:\/\/elveracruzano.vip\/index.php?rest_route=\/wp\/v2\/types\/post"}],"author":[{"embeddable":true,"href":"https:\/\/elveracruzano.vip\/index.php?rest_route=\/wp\/v2\/users\/4"}],"replies":[{"embeddable":true,"href":"https:\/\/elveracruzano.vip\/index.php?rest_route=%2Fwp%2Fv2%2Fcomments&post=1714"}],"version-history":[{"count":1,"href":"https:\/\/elveracruzano.vip\/index.php?rest_route=\/wp\/v2\/posts\/1714\/revisions"}],"predecessor-version":[{"id":1717,"href":"https:\/\/elveracruzano.vip\/index.php?rest_route=\/wp\/v2\/posts\/1714\/revisions\/1717"}],"wp:featuredmedia":[{"embeddable":true,"href":"https:\/\/elveracruzano.vip\/index.php?rest_route=\/wp\/v2\/media\/1716"}],"wp:attachment":[{"href":"https:\/\/elveracruzano.vip\/index.php?rest_route=%2Fwp%2Fv2%2Fmedia&parent=1714"}],"wp:term":[{"taxonomy":"category","embeddable":true,"href":"https:\/\/elveracruzano.vip\/index.php?rest_route=%2Fwp%2Fv2%2Fcategories&post=1714"},{"taxonomy":"post_tag","embeddable":true,"href":"https:\/\/elveracruzano.vip\/index.php?rest_route=%2Fwp%2Fv2%2Ftags&post=1714"}],"curies":[{"name":"wp","href":"https:\/\/api.w.org\/{rel}","templated":true}]}}