{"id":1677,"date":"2022-03-09T11:17:23","date_gmt":"2022-03-09T17:17:23","guid":{"rendered":"http:\/\/elveracruzano.vip\/?p=1677"},"modified":"2022-03-09T11:17:23","modified_gmt":"2022-03-09T17:17:23","slug":"marcha-de-las-mujeres-transcurrio-en-paz-presidente-luchan-por-causas-justas-afirma","status":"publish","type":"post","link":"https:\/\/elveracruzano.vip\/?p=1677","title":{"rendered":"Marcha de las mujeres transcurri\u00f3 en paz: presidente; luchan por causas justas, afirma"},"content":{"rendered":"\n<p><strong>#GobiernoDeM\u00e9xico<\/strong>.- El presidente Andr\u00e9s Manuel L\u00f3pez Obrador inform\u00f3 que la marcha por el D\u00eda Internacional de las Mujeres transcurri\u00f3 en paz en todo el pa\u00eds.<\/p>\n\n\n\n<p>\u201cLas mujeres luchan por esta causa justa (para) que no haya maltrato y mucho menos feminicidios. Fue una marcha, en el caso de la Ciudad de M\u00e9xico, numerosa, ordenada, pac\u00edfica y esto se reprodujo a nivel nacional\u201d, subray\u00f3.<\/p>\n\n\n\n<p>Al encabezar la conferencia de prensa matutina, el mandatario agradeci\u00f3 a las mujeres polic\u00edas e integrantes de la Guardia Nacional y de las secretar\u00edas de la Defensa Nacional y de Marina que realizaron acciones de prevenci\u00f3n de violencia en bloques minoritarios donde se registraron confrontaciones.<\/p>\n\n\n\n<p>\u201cNo hubo represi\u00f3n, se garantiz\u00f3 el derecho de manifestaci\u00f3n y no hubo desgracias qu\u00e9 lamentar\u201d, enfatiz\u00f3.<\/p>\n\n\n\n<p>El jefe del Ejecutivo destac\u00f3 que la marcha feminista termin\u00f3 en calma y en todo momento se garantiz\u00f3 seguridad para la libre manifestaci\u00f3n de ideas.<\/p>\n\n\n\n<p><strong>#ElVeracruzanoVip<\/strong><\/p>\n","protected":false},"excerpt":{"rendered":"<p>#GobiernoDeM\u00e9xico.- El presidente Andr\u00e9s Manuel L\u00f3pez Obrador inform\u00f3 que la marcha por el D\u00eda Internacional de las Mujeres transcurri\u00f3 en<\/p>\n","protected":false},"author":4,"featured_media":1678,"comment_status":"open","ping_status":"open","sticky":false,"template":"","format":"standard","meta":{"colormag_page_container_layout":"default_layout","colormag_page_sidebar_layout":"default_layout","rop_custom_images_group":[],"rop_custom_messages_group":[],"rop_publish_now":"initial","rop_publish_now_accounts":{"facebook_109133384920963_108472061465099":""},"rop_publish_now_history":[],"rop_publish_now_status":"pending","footnotes":""},"categories":[13],"tags":[45,26,20,29,19,21,23,22],"class_list":["post-1677","post","type-post","status-publish","format-standard","has-post-thumbnail","hentry","category-principales","tag-amlo","tag-el-veracruzano-vip","tag-enterate","tag-gobierno-de-mexico","tag-redes-sociales","tag-ultima-hora","tag-ultimas-noticias","tag-ultimo-minuto"],"_links":{"self":[{"href":"https:\/\/elveracruzano.vip\/index.php?rest_route=\/wp\/v2\/posts\/1677","targetHints":{"allow":["GET"]}}],"collection":[{"href":"https:\/\/elveracruzano.vip\/index.php?rest_route=\/wp\/v2\/posts"}],"about":[{"href":"https:\/\/elveracruzano.vip\/index.php?rest_route=\/wp\/v2\/types\/post"}],"author":[{"embeddable":true,"href":"https:\/\/elveracruzano.vip\/index.php?rest_route=\/wp\/v2\/users\/4"}],"replies":[{"embeddable":true,"href":"https:\/\/elveracruzano.vip\/index.php?rest_route=%2Fwp%2Fv2%2Fcomments&post=1677"}],"version-history":[{"count":1,"href":"https:\/\/elveracruzano.vip\/index.php?rest_route=\/wp\/v2\/posts\/1677\/revisions"}],"predecessor-version":[{"id":1679,"href":"https:\/\/elveracruzano.vip\/index.php?rest_route=\/wp\/v2\/posts\/1677\/revisions\/1679"}],"wp:featuredmedia":[{"embeddable":true,"href":"https:\/\/elveracruzano.vip\/index.php?rest_route=\/wp\/v2\/media\/1678"}],"wp:attachment":[{"href":"https:\/\/elveracruzano.vip\/index.php?rest_route=%2Fwp%2Fv2%2Fmedia&parent=1677"}],"wp:term":[{"taxonomy":"category","embeddable":true,"href":"https:\/\/elveracruzano.vip\/index.php?rest_route=%2Fwp%2Fv2%2Fcategories&post=1677"},{"taxonomy":"post_tag","embeddable":true,"href":"https:\/\/elveracruzano.vip\/index.php?rest_route=%2Fwp%2Fv2%2Ftags&post=1677"}],"curies":[{"name":"wp","href":"https:\/\/api.w.org\/{rel}","templated":true}]}}