{"id":1673,"date":"2022-03-09T11:16:22","date_gmt":"2022-03-09T17:16:22","guid":{"rendered":"http:\/\/elveracruzano.vip\/?p=1673"},"modified":"2022-03-09T11:16:22","modified_gmt":"2022-03-09T17:16:22","slug":"en-el-marco-del-dia-internacional-de-la-mujer-se-llevo-a-cabo-el-pase-de-lista-de-mujeres-policias","status":"publish","type":"post","link":"https:\/\/elveracruzano.vip\/?p=1673","title":{"rendered":"En el marco del D\u00eda Internacional De La Mujer, se llev\u00f3 a cabo el pase de lista de mujeres polic\u00edas"},"content":{"rendered":"\n<p><strong>#Ecatepec<\/strong>, <strong>#Edom\u00e9x<\/strong>.- En Ecatepec, se refrenda el apoyo a todas las mujeres que luchan todos los d\u00edas por una sociedad m\u00e1s justa, equitativa y libre de violencia de g\u00e9nero. Por eso, en el marco del D\u00eda Internacional De La Mujer, la presidenta honor\u00edfica del DIF Ecatepec, Esmeralda Vallejo, y las mujeres polic\u00edas que integran a la Direcci\u00f3n de Seguridad P\u00fablica y Tr\u00e1nsito Ecatepec, encabezaron el pase de lista, como muestra de su liderazgo, valent\u00eda y fortaleza.<\/p>\n\n\n\n<div class=\"wp-block-image\"><figure class=\"aligncenter size-large is-resized\"><img loading=\"lazy\" decoding=\"async\" src=\"http:\/\/elveracruzano.vip\/wp-content\/uploads\/2022\/03\/ecate2-1024x682.jpg\" alt=\"\" class=\"wp-image-1674\" width=\"519\" height=\"346\" srcset=\"https:\/\/elveracruzano.vip\/wp-content\/uploads\/2022\/03\/ecate2-1024x682.jpg 1024w, https:\/\/elveracruzano.vip\/wp-content\/uploads\/2022\/03\/ecate2-300x200.jpg 300w, https:\/\/elveracruzano.vip\/wp-content\/uploads\/2022\/03\/ecate2-768x512.jpg 768w, https:\/\/elveracruzano.vip\/wp-content\/uploads\/2022\/03\/ecate2-1536x1023.jpg 1536w, https:\/\/elveracruzano.vip\/wp-content\/uploads\/2022\/03\/ecate2-600x400.jpg 600w, https:\/\/elveracruzano.vip\/wp-content\/uploads\/2022\/03\/ecate2.jpg 1600w\" sizes=\"auto, (max-width: 519px) 100vw, 519px\" \/><\/figure><\/div>\n\n\n\n<p><strong>#ElVeracruzanoVip<\/strong><\/p>\n","protected":false},"excerpt":{"rendered":"<p>#Ecatepec, #Edom\u00e9x.- En Ecatepec, se refrenda el apoyo a todas las mujeres que luchan todos los d\u00edas por una sociedad<\/p>\n","protected":false},"author":4,"featured_media":1675,"comment_status":"open","ping_status":"open","sticky":false,"template":"","format":"standard","meta":{"colormag_page_container_layout":"default_layout","colormag_page_sidebar_layout":"default_layout","rop_custom_images_group":[],"rop_custom_messages_group":[],"rop_publish_now":"initial","rop_publish_now_accounts":{"facebook_109133384920963_108472061465099":""},"rop_publish_now_history":[],"rop_publish_now_status":"pending","footnotes":""},"categories":[12],"tags":[86,26,20,85,88,19,21,23,22],"class_list":["post-1673","post","type-post","status-publish","format-standard","has-post-thumbnail","hentry","category-municipios-en-mexico","tag-dif-ecatepec-de-morelos","tag-el-veracruzano-vip","tag-enterate","tag-gobierno-de-ecatepec-de-morelos","tag-gobierno-del-estado-de-mexico","tag-redes-sociales","tag-ultima-hora","tag-ultimas-noticias","tag-ultimo-minuto"],"_links":{"self":[{"href":"https:\/\/elveracruzano.vip\/index.php?rest_route=\/wp\/v2\/posts\/1673","targetHints":{"allow":["GET"]}}],"collection":[{"href":"https:\/\/elveracruzano.vip\/index.php?rest_route=\/wp\/v2\/posts"}],"about":[{"href":"https:\/\/elveracruzano.vip\/index.php?rest_route=\/wp\/v2\/types\/post"}],"author":[{"embeddable":true,"href":"https:\/\/elveracruzano.vip\/index.php?rest_route=\/wp\/v2\/users\/4"}],"replies":[{"embeddable":true,"href":"https:\/\/elveracruzano.vip\/index.php?rest_route=%2Fwp%2Fv2%2Fcomments&post=1673"}],"version-history":[{"count":1,"href":"https:\/\/elveracruzano.vip\/index.php?rest_route=\/wp\/v2\/posts\/1673\/revisions"}],"predecessor-version":[{"id":1676,"href":"https:\/\/elveracruzano.vip\/index.php?rest_route=\/wp\/v2\/posts\/1673\/revisions\/1676"}],"wp:featuredmedia":[{"embeddable":true,"href":"https:\/\/elveracruzano.vip\/index.php?rest_route=\/wp\/v2\/media\/1675"}],"wp:attachment":[{"href":"https:\/\/elveracruzano.vip\/index.php?rest_route=%2Fwp%2Fv2%2Fmedia&parent=1673"}],"wp:term":[{"taxonomy":"category","embeddable":true,"href":"https:\/\/elveracruzano.vip\/index.php?rest_route=%2Fwp%2Fv2%2Fcategories&post=1673"},{"taxonomy":"post_tag","embeddable":true,"href":"https:\/\/elveracruzano.vip\/index.php?rest_route=%2Fwp%2Fv2%2Ftags&post=1673"}],"curies":[{"name":"wp","href":"https:\/\/api.w.org\/{rel}","templated":true}]}}