{"id":1630,"date":"2022-03-07T11:06:16","date_gmt":"2022-03-07T17:06:16","guid":{"rendered":"http:\/\/elveracruzano.vip\/?p=1630"},"modified":"2022-03-07T11:06:17","modified_gmt":"2022-03-07T17:06:17","slug":"clausura-gobierno-de-coatepec-el-encuentro-cultural-del-orgullo-veracruzano","status":"publish","type":"post","link":"https:\/\/elveracruzano.vip\/?p=1630","title":{"rendered":"Clausura gobierno de Coatepec, el Encuentro Cultural del Orgullo Veracruzano"},"content":{"rendered":"\n<p><strong>#Coatepec<\/strong>, <strong>#Ver.<\/strong>&#8211; Con gran emoci\u00f3n se vivi\u00f3 la clausura del Encuentro Cultural del Orgullo Veracruzano, en donde m\u00e1s de 70 mil personas acudieron para disfrutar de este evento sin precedentes en Coatepec.<\/p>\n\n\n\n<div class=\"wp-block-image\"><figure class=\"aligncenter size-large is-resized\"><img loading=\"lazy\" decoding=\"async\" src=\"http:\/\/elveracruzano.vip\/wp-content\/uploads\/2022\/03\/coa2-1-1024x602.jpg\" alt=\"\" class=\"wp-image-1631\" width=\"559\" height=\"329\" srcset=\"https:\/\/elveracruzano.vip\/wp-content\/uploads\/2022\/03\/coa2-1-1024x602.jpg 1024w, https:\/\/elveracruzano.vip\/wp-content\/uploads\/2022\/03\/coa2-1-300x176.jpg 300w, https:\/\/elveracruzano.vip\/wp-content\/uploads\/2022\/03\/coa2-1-768x451.jpg 768w, https:\/\/elveracruzano.vip\/wp-content\/uploads\/2022\/03\/coa2-1-1536x903.jpg 1536w, https:\/\/elveracruzano.vip\/wp-content\/uploads\/2022\/03\/coa2-1-600x353.jpg 600w, https:\/\/elveracruzano.vip\/wp-content\/uploads\/2022\/03\/coa2-1.jpg 1802w\" sizes=\"auto, (max-width: 559px) 100vw, 559px\" \/><\/figure><\/div>\n\n\n\n<p><strong>#ElVeracruzanoVip<\/strong><\/p>\n","protected":false},"excerpt":{"rendered":"<p>#Coatepec, #Ver.&#8211; Con gran emoci\u00f3n se vivi\u00f3 la clausura del Encuentro Cultural del Orgullo Veracruzano, en donde m\u00e1s de 70<\/p>\n","protected":false},"author":4,"featured_media":1632,"comment_status":"open","ping_status":"open","sticky":false,"template":"","format":"standard","meta":{"colormag_page_container_layout":"default_layout","colormag_page_sidebar_layout":"default_layout","rop_custom_images_group":[],"rop_custom_messages_group":[],"rop_publish_now":"initial","rop_publish_now_accounts":{"facebook_109133384920963_108472061465099":""},"rop_publish_now_history":[],"rop_publish_now_status":"pending","footnotes":""},"categories":[10],"tags":[40,50,26,20,18,19,84,21,23,22],"class_list":["post-1630","post","type-post","status-publish","format-standard","has-post-thumbnail","hentry","category-municipios","tag-coatepec","tag-dif-coatepec","tag-el-veracruzano-vip","tag-enterate","tag-gobierno-del-estado-de-veracruz","tag-redes-sociales","tag-secretaria-de-proteccion-civil-del-estado-de-veracruz","tag-ultima-hora","tag-ultimas-noticias","tag-ultimo-minuto"],"_links":{"self":[{"href":"https:\/\/elveracruzano.vip\/index.php?rest_route=\/wp\/v2\/posts\/1630","targetHints":{"allow":["GET"]}}],"collection":[{"href":"https:\/\/elveracruzano.vip\/index.php?rest_route=\/wp\/v2\/posts"}],"about":[{"href":"https:\/\/elveracruzano.vip\/index.php?rest_route=\/wp\/v2\/types\/post"}],"author":[{"embeddable":true,"href":"https:\/\/elveracruzano.vip\/index.php?rest_route=\/wp\/v2\/users\/4"}],"replies":[{"embeddable":true,"href":"https:\/\/elveracruzano.vip\/index.php?rest_route=%2Fwp%2Fv2%2Fcomments&post=1630"}],"version-history":[{"count":1,"href":"https:\/\/elveracruzano.vip\/index.php?rest_route=\/wp\/v2\/posts\/1630\/revisions"}],"predecessor-version":[{"id":1633,"href":"https:\/\/elveracruzano.vip\/index.php?rest_route=\/wp\/v2\/posts\/1630\/revisions\/1633"}],"wp:featuredmedia":[{"embeddable":true,"href":"https:\/\/elveracruzano.vip\/index.php?rest_route=\/wp\/v2\/media\/1632"}],"wp:attachment":[{"href":"https:\/\/elveracruzano.vip\/index.php?rest_route=%2Fwp%2Fv2%2Fmedia&parent=1630"}],"wp:term":[{"taxonomy":"category","embeddable":true,"href":"https:\/\/elveracruzano.vip\/index.php?rest_route=%2Fwp%2Fv2%2Fcategories&post=1630"},{"taxonomy":"post_tag","embeddable":true,"href":"https:\/\/elveracruzano.vip\/index.php?rest_route=%2Fwp%2Fv2%2Ftags&post=1630"}],"curies":[{"name":"wp","href":"https:\/\/api.w.org\/{rel}","templated":true}]}}