{"id":1496,"date":"2022-02-25T14:03:00","date_gmt":"2022-02-25T20:03:00","guid":{"rendered":"http:\/\/elveracruzano.vip\/?p=1496"},"modified":"2022-02-25T12:05:04","modified_gmt":"2022-02-25T18:05:04","slug":"unesco-instituto-natura-y-sev-entregan-material-de-alfabetizacion-y-tecnologico-a-68-escuelas","status":"publish","type":"post","link":"https:\/\/elveracruzano.vip\/?p=1496","title":{"rendered":"UNESCO, Instituto Natura y SEV entregan material de alfabetizaci\u00f3n y tecnol\u00f3gico a 68 escuelas"},"content":{"rendered":"\n<p><strong>#SanAndr\u00e9sTuxtla<\/strong>, <strong>#Ver<\/strong>.- Como parte de la Pol\u00edtica Estatal de Aprendizajes Fundamentales que desarrolla en colaboraci\u00f3n con el Instituto Natura y la Oficina del Programa de Naciones Unidas para la Educaci\u00f3n en M\u00e9xico, la Secretar\u00eda de Educaci\u00f3n (SEV) entreg\u00f3 material de alfabetizaci\u00f3n, bibliotecas y maletas con equipamiento tecnol\u00f3gico a 68 planteles de la regi\u00f3n Los Tuxtlas.<\/p>\n\n\n\n<p>De esta manera, Veracruz es pionero en formar alianza con estas instituciones internacionales, impulsando el aprendizaje de la lengua, matem\u00e1ticas y habilidades socioemocionales para que estudiantes de primero, segundo y tercer grado de primaria desarrollen competencias que les sirvan en su aprendizaje permanente.<\/p>\n\n\n\n<p>En las instalaciones de la Escuela Primaria Revoluci\u00f3n, la Subsecretar\u00eda de Educaci\u00f3n B\u00e1sica realiz\u00f3 la entrega del material de alfabetizaci\u00f3n del segundo bloque, 10 bibliotecas con 155 t\u00edtulos cada una y seis maletas donadas por la Fundaci\u00f3n Telef\u00f3nica M\u00e9xico A. C., equipadas con proyectores plegables, altavoz, mini proyectores y 12 tabletas.<\/p>\n\n\n\n<p>Todo ello en beneficio de 327 docentes de primarias estatales federalizadas y de Educaci\u00f3n Ind\u00edgena, as\u00ed como de seis mil 468 alumnas y alumnos de los municipios de Catemaco, Hueyapan de Ocampo, San Andr\u00e9s Tuxtla y Santiago Tuxtla.<\/p>\n\n\n\n<p><strong>#ElVeracruzanoVip<\/strong><\/p>\n","protected":false},"excerpt":{"rendered":"<p>#SanAndr\u00e9sTuxtla, #Ver.- Como parte de la Pol\u00edtica Estatal de Aprendizajes Fundamentales que desarrolla en colaboraci\u00f3n con el Instituto Natura y<\/p>\n","protected":false},"author":4,"featured_media":1497,"comment_status":"open","ping_status":"open","sticky":false,"template":"","format":"standard","meta":{"colormag_page_container_layout":"default_layout","colormag_page_sidebar_layout":"default_layout","rop_custom_images_group":[],"rop_custom_messages_group":[],"rop_publish_now":"initial","rop_publish_now_accounts":{"facebook_109133384920963_108472061465099":""},"rop_publish_now_history":[],"rop_publish_now_status":"pending","footnotes":""},"categories":[14],"tags":[26,20,18,19,84,21,23,22],"class_list":["post-1496","post","type-post","status-publish","format-standard","has-post-thumbnail","hentry","category-secretarias","tag-el-veracruzano-vip","tag-enterate","tag-gobierno-del-estado-de-veracruz","tag-redes-sociales","tag-secretaria-de-proteccion-civil-del-estado-de-veracruz","tag-ultima-hora","tag-ultimas-noticias","tag-ultimo-minuto"],"_links":{"self":[{"href":"https:\/\/elveracruzano.vip\/index.php?rest_route=\/wp\/v2\/posts\/1496","targetHints":{"allow":["GET"]}}],"collection":[{"href":"https:\/\/elveracruzano.vip\/index.php?rest_route=\/wp\/v2\/posts"}],"about":[{"href":"https:\/\/elveracruzano.vip\/index.php?rest_route=\/wp\/v2\/types\/post"}],"author":[{"embeddable":true,"href":"https:\/\/elveracruzano.vip\/index.php?rest_route=\/wp\/v2\/users\/4"}],"replies":[{"embeddable":true,"href":"https:\/\/elveracruzano.vip\/index.php?rest_route=%2Fwp%2Fv2%2Fcomments&post=1496"}],"version-history":[{"count":1,"href":"https:\/\/elveracruzano.vip\/index.php?rest_route=\/wp\/v2\/posts\/1496\/revisions"}],"predecessor-version":[{"id":1498,"href":"https:\/\/elveracruzano.vip\/index.php?rest_route=\/wp\/v2\/posts\/1496\/revisions\/1498"}],"wp:featuredmedia":[{"embeddable":true,"href":"https:\/\/elveracruzano.vip\/index.php?rest_route=\/wp\/v2\/media\/1497"}],"wp:attachment":[{"href":"https:\/\/elveracruzano.vip\/index.php?rest_route=%2Fwp%2Fv2%2Fmedia&parent=1496"}],"wp:term":[{"taxonomy":"category","embeddable":true,"href":"https:\/\/elveracruzano.vip\/index.php?rest_route=%2Fwp%2Fv2%2Fcategories&post=1496"},{"taxonomy":"post_tag","embeddable":true,"href":"https:\/\/elveracruzano.vip\/index.php?rest_route=%2Fwp%2Fv2%2Ftags&post=1496"}],"curies":[{"name":"wp","href":"https:\/\/api.w.org\/{rel}","templated":true}]}}