{"id":1480,"date":"2022-02-24T12:21:59","date_gmt":"2022-02-24T18:21:59","guid":{"rendered":"http:\/\/elveracruzano.vip\/?p=1480"},"modified":"2022-02-24T12:22:01","modified_gmt":"2022-02-24T18:22:01","slug":"proyectan-mejoras-a-alumbrado-publico-de-colonias-en-cordoba","status":"publish","type":"post","link":"https:\/\/elveracruzano.vip\/?p=1480","title":{"rendered":"Proyectan mejoras a alumbrado p\u00fablico de colonias en C\u00f3rdoba"},"content":{"rendered":"\n<p><strong>#C\u00f3rdoba<\/strong>, <strong>#Ver<\/strong>.- La jefatura de Alumbrado P\u00fablico detect\u00f3 que de las 20 mil luminarias que hay en C\u00f3rdoba es necesario el cambio de tres mil que son de luz amarilla por leds, y dos mil m\u00e1s que deben ser reparadas para seguridad de los habitantes.<\/p>\n\n\n\n<p>Como parte del proyecto que contempla la direcci\u00f3n de Obra P\u00fablica e Infraestructura Municipal a trav\u00e9s de Alumbrado P\u00fablico, es mejorar las condiciones de las luminarias y con esto brindar mayor seguridad en las calles y colonias de la ciudad, por lo que se har\u00e1 de manera paulatina.<\/p>\n\n\n\n<p>El titular del \u00e1rea inform\u00f3 que ya se han atendido los reportes ciudadanos para hacer la rehabilitaci\u00f3n pertinente, pues son en promedio dos mil luminarias que presentan alg\u00fan tipo de falla y tendr\u00e1n que ser sustituidas, garantizando as\u00ed la tranquilidad de los vecinos que han hecho el reporte en el \u00e1rea de Atenci\u00f3n Ciudadana.<\/p>\n\n\n\n<p>El responsable dijo que estos cambios se traducen en un beneficio para 60 colonias y que con estas acciones se garantiza una mejor visi\u00f3n, erradicando el tema de inseguridad, ya que, al haber mayor iluminaci\u00f3n, se evitan actos de delincuencia, generando un impacto a nivel social al contar con espacios seguros.<\/p>\n\n\n\n<p><strong>#ElVeracruzanoVip<\/strong><\/p>\n","protected":false},"excerpt":{"rendered":"<p>#C\u00f3rdoba, #Ver.- La jefatura de Alumbrado P\u00fablico detect\u00f3 que de las 20 mil luminarias que hay en C\u00f3rdoba es necesario<\/p>\n","protected":false},"author":4,"featured_media":1481,"comment_status":"open","ping_status":"open","sticky":false,"template":"","format":"standard","meta":{"colormag_page_container_layout":"default_layout","colormag_page_sidebar_layout":"default_layout","rop_custom_images_group":[],"rop_custom_messages_group":[],"rop_publish_now":"initial","rop_publish_now_accounts":{"facebook_109133384920963_108472061465099":""},"rop_publish_now_history":[],"rop_publish_now_status":"pending","footnotes":""},"categories":[11],"tags":[26,20,18,19,84,21,23,22],"class_list":["post-1480","post","type-post","status-publish","format-standard","has-post-thumbnail","hentry","category-municipios-destacados","tag-el-veracruzano-vip","tag-enterate","tag-gobierno-del-estado-de-veracruz","tag-redes-sociales","tag-secretaria-de-proteccion-civil-del-estado-de-veracruz","tag-ultima-hora","tag-ultimas-noticias","tag-ultimo-minuto"],"_links":{"self":[{"href":"https:\/\/elveracruzano.vip\/index.php?rest_route=\/wp\/v2\/posts\/1480","targetHints":{"allow":["GET"]}}],"collection":[{"href":"https:\/\/elveracruzano.vip\/index.php?rest_route=\/wp\/v2\/posts"}],"about":[{"href":"https:\/\/elveracruzano.vip\/index.php?rest_route=\/wp\/v2\/types\/post"}],"author":[{"embeddable":true,"href":"https:\/\/elveracruzano.vip\/index.php?rest_route=\/wp\/v2\/users\/4"}],"replies":[{"embeddable":true,"href":"https:\/\/elveracruzano.vip\/index.php?rest_route=%2Fwp%2Fv2%2Fcomments&post=1480"}],"version-history":[{"count":1,"href":"https:\/\/elveracruzano.vip\/index.php?rest_route=\/wp\/v2\/posts\/1480\/revisions"}],"predecessor-version":[{"id":1482,"href":"https:\/\/elveracruzano.vip\/index.php?rest_route=\/wp\/v2\/posts\/1480\/revisions\/1482"}],"wp:featuredmedia":[{"embeddable":true,"href":"https:\/\/elveracruzano.vip\/index.php?rest_route=\/wp\/v2\/media\/1481"}],"wp:attachment":[{"href":"https:\/\/elveracruzano.vip\/index.php?rest_route=%2Fwp%2Fv2%2Fmedia&parent=1480"}],"wp:term":[{"taxonomy":"category","embeddable":true,"href":"https:\/\/elveracruzano.vip\/index.php?rest_route=%2Fwp%2Fv2%2Fcategories&post=1480"},{"taxonomy":"post_tag","embeddable":true,"href":"https:\/\/elveracruzano.vip\/index.php?rest_route=%2Fwp%2Fv2%2Ftags&post=1480"}],"curies":[{"name":"wp","href":"https:\/\/api.w.org\/{rel}","templated":true}]}}