{"id":1474,"date":"2022-02-24T19:16:00","date_gmt":"2022-02-25T01:16:00","guid":{"rendered":"http:\/\/elveracruzano.vip\/?p=1474"},"modified":"2022-02-24T12:18:44","modified_gmt":"2022-02-24T18:18:44","slug":"participa-el-municipio-de-acapulco-en-la-41-edicion-de-la-vitrina-turistica-anato-2022","status":"publish","type":"post","link":"https:\/\/elveracruzano.vip\/?p=1474","title":{"rendered":"Participa el municipio de Acapulco, en la 41 edici\u00f3n de la Vitrina Tur\u00edstica Anato 2022"},"content":{"rendered":"\n<p><strong>#Acapulco<\/strong>,&nbsp;<strong>#Gro<\/strong>.- Con la participaci\u00f3n de Sectur Acapulco, la ciudad se present\u00f3 en la 41 edici\u00f3n de la Vitrina Tur\u00edstica Anato 2022, el evento m\u00e1s importante de la industria de viajes de Colombia.<\/p>\n\n\n\n<p>\u00abTierra de sol, brisa, arena y mar. Lugar de magia, fe y emociones. Aqu\u00ed los sue\u00f1os se hacen realidad y los grandes esfuerzos obtienen su recompensa. Visita Acapulco, te estamos esperando.\u00bb Finalizaron<\/p>\n\n\n\n<p><strong>#ElVeracruzanoVip<\/strong><\/p>\n","protected":false},"excerpt":{"rendered":"<p>#Acapulco,&nbsp;#Gro.- Con la participaci\u00f3n de Sectur Acapulco, la ciudad se present\u00f3 en la 41 edici\u00f3n de la Vitrina Tur\u00edstica Anato<\/p>\n","protected":false},"author":4,"featured_media":1475,"comment_status":"open","ping_status":"open","sticky":false,"template":"","format":"standard","meta":{"colormag_page_container_layout":"default_layout","colormag_page_sidebar_layout":"default_layout","rop_custom_images_group":[],"rop_custom_messages_group":[],"rop_publish_now":"initial","rop_publish_now_accounts":{"facebook_109133384920963_108472061465099":""},"rop_publish_now_history":[],"rop_publish_now_status":"pending","footnotes":""},"categories":[12],"tags":[67,26,20,72,19,21,23,22],"class_list":["post-1474","post","type-post","status-publish","format-standard","has-post-thumbnail","hentry","category-municipios-en-mexico","tag-acapulco","tag-el-veracruzano-vip","tag-enterate","tag-gobierno-del-estado-de-guerrero","tag-redes-sociales","tag-ultima-hora","tag-ultimas-noticias","tag-ultimo-minuto"],"_links":{"self":[{"href":"https:\/\/elveracruzano.vip\/index.php?rest_route=\/wp\/v2\/posts\/1474","targetHints":{"allow":["GET"]}}],"collection":[{"href":"https:\/\/elveracruzano.vip\/index.php?rest_route=\/wp\/v2\/posts"}],"about":[{"href":"https:\/\/elveracruzano.vip\/index.php?rest_route=\/wp\/v2\/types\/post"}],"author":[{"embeddable":true,"href":"https:\/\/elveracruzano.vip\/index.php?rest_route=\/wp\/v2\/users\/4"}],"replies":[{"embeddable":true,"href":"https:\/\/elveracruzano.vip\/index.php?rest_route=%2Fwp%2Fv2%2Fcomments&post=1474"}],"version-history":[{"count":1,"href":"https:\/\/elveracruzano.vip\/index.php?rest_route=\/wp\/v2\/posts\/1474\/revisions"}],"predecessor-version":[{"id":1476,"href":"https:\/\/elveracruzano.vip\/index.php?rest_route=\/wp\/v2\/posts\/1474\/revisions\/1476"}],"wp:featuredmedia":[{"embeddable":true,"href":"https:\/\/elveracruzano.vip\/index.php?rest_route=\/wp\/v2\/media\/1475"}],"wp:attachment":[{"href":"https:\/\/elveracruzano.vip\/index.php?rest_route=%2Fwp%2Fv2%2Fmedia&parent=1474"}],"wp:term":[{"taxonomy":"category","embeddable":true,"href":"https:\/\/elveracruzano.vip\/index.php?rest_route=%2Fwp%2Fv2%2Fcategories&post=1474"},{"taxonomy":"post_tag","embeddable":true,"href":"https:\/\/elveracruzano.vip\/index.php?rest_route=%2Fwp%2Fv2%2Ftags&post=1474"}],"curies":[{"name":"wp","href":"https:\/\/api.w.org\/{rel}","templated":true}]}}