{"id":1471,"date":"2022-02-24T16:13:00","date_gmt":"2022-02-24T22:13:00","guid":{"rendered":"http:\/\/elveracruzano.vip\/?p=1471"},"modified":"2022-02-24T12:16:09","modified_gmt":"2022-02-24T18:16:09","slug":"imparte-la-secretaria-de-proteccion-civil-de-veracruz-asesorias-para-la-elaboracion-de-programas-municipales-de-proteccion-civil","status":"publish","type":"post","link":"https:\/\/elveracruzano.vip\/?p=1471","title":{"rendered":"Imparte la Secretar\u00eda De Protecci\u00f3n Civil de Veracruz, asesor\u00edas para la elaboraci\u00f3n de Programas Municipales de Protecci\u00f3n Civil"},"content":{"rendered":"\n<p><strong>#GobiernoDeVeracruz<\/strong>.- En seguimiento a la Estrategia de trabajo para Unidades Municipales de Protecci\u00f3n Civil 2022, la Secretar\u00eda De Protecci\u00f3n Civil de Veracruz la, llev\u00f3 a cabo la asesor\u00eda para la elaboraci\u00f3n de Programas Municipales de Protecci\u00f3n Civil, a las Direcciones Municipales de Protecci\u00f3n Civil con la representaci\u00f3n de 74 municipios y 131 participantes.<\/p>\n\n\n\n<p><strong>#ElVeracruzanoVip<\/strong><\/p>\n","protected":false},"excerpt":{"rendered":"<p>#GobiernoDeVeracruz.- En seguimiento a la Estrategia de trabajo para Unidades Municipales de Protecci\u00f3n Civil 2022, la Secretar\u00eda De Protecci\u00f3n Civil<\/p>\n","protected":false},"author":4,"featured_media":1472,"comment_status":"open","ping_status":"open","sticky":false,"template":"","format":"standard","meta":{"colormag_page_container_layout":"default_layout","colormag_page_sidebar_layout":"default_layout","rop_custom_images_group":[],"rop_custom_messages_group":[],"rop_publish_now":"initial","rop_publish_now_accounts":{"facebook_109133384920963_108472061465099":""},"rop_publish_now_history":[],"rop_publish_now_status":"pending","footnotes":""},"categories":[14],"tags":[26,20,18,19,84,21,23,22],"class_list":["post-1471","post","type-post","status-publish","format-standard","has-post-thumbnail","hentry","category-secretarias","tag-el-veracruzano-vip","tag-enterate","tag-gobierno-del-estado-de-veracruz","tag-redes-sociales","tag-secretaria-de-proteccion-civil-del-estado-de-veracruz","tag-ultima-hora","tag-ultimas-noticias","tag-ultimo-minuto"],"_links":{"self":[{"href":"https:\/\/elveracruzano.vip\/index.php?rest_route=\/wp\/v2\/posts\/1471","targetHints":{"allow":["GET"]}}],"collection":[{"href":"https:\/\/elveracruzano.vip\/index.php?rest_route=\/wp\/v2\/posts"}],"about":[{"href":"https:\/\/elveracruzano.vip\/index.php?rest_route=\/wp\/v2\/types\/post"}],"author":[{"embeddable":true,"href":"https:\/\/elveracruzano.vip\/index.php?rest_route=\/wp\/v2\/users\/4"}],"replies":[{"embeddable":true,"href":"https:\/\/elveracruzano.vip\/index.php?rest_route=%2Fwp%2Fv2%2Fcomments&post=1471"}],"version-history":[{"count":1,"href":"https:\/\/elveracruzano.vip\/index.php?rest_route=\/wp\/v2\/posts\/1471\/revisions"}],"predecessor-version":[{"id":1473,"href":"https:\/\/elveracruzano.vip\/index.php?rest_route=\/wp\/v2\/posts\/1471\/revisions\/1473"}],"wp:featuredmedia":[{"embeddable":true,"href":"https:\/\/elveracruzano.vip\/index.php?rest_route=\/wp\/v2\/media\/1472"}],"wp:attachment":[{"href":"https:\/\/elveracruzano.vip\/index.php?rest_route=%2Fwp%2Fv2%2Fmedia&parent=1471"}],"wp:term":[{"taxonomy":"category","embeddable":true,"href":"https:\/\/elveracruzano.vip\/index.php?rest_route=%2Fwp%2Fv2%2Fcategories&post=1471"},{"taxonomy":"post_tag","embeddable":true,"href":"https:\/\/elveracruzano.vip\/index.php?rest_route=%2Fwp%2Fv2%2Ftags&post=1471"}],"curies":[{"name":"wp","href":"https:\/\/api.w.org\/{rel}","templated":true}]}}