{"id":1465,"date":"2022-02-24T12:11:19","date_gmt":"2022-02-24T18:11:19","guid":{"rendered":"http:\/\/elveracruzano.vip\/?p=1465"},"modified":"2022-02-24T12:11:19","modified_gmt":"2022-02-24T18:11:19","slug":"con-una-corona-floral-y-con-guardia-de-honor-lleva-a-cabo-veracruz-homenaje-al-presidente-francisco-i-madero","status":"publish","type":"post","link":"https:\/\/elveracruzano.vip\/?p=1465","title":{"rendered":"Con una corona floral y con Guardia de Honor, lleva a cabo Veracruz, homenaje al presidente Francisco I. Madero"},"content":{"rendered":"\n<p><strong>#GobiernoDeVeracruz<\/strong>.- \u00abEn el Parque Ju\u00e1rez de Xalapa recordamos al presidente Francisco I. Madero, en el d\u00eda en que hace 109 a\u00f1os fue asesinado durante el golpe de estado encabezado por Victoriano Huerta. Con la colocaci\u00f3n de una corona floral y con Guardia de Honor rendimos homenaje al Ap\u00f3stol de la Democracia, precursor de la lucha por la transformaci\u00f3n de nuestro pa\u00eds.\u00bb Finalizaron<\/p>\n\n\n\n<p><strong>#ElVeracruzanoVip<\/strong><\/p>\n","protected":false},"excerpt":{"rendered":"<p>#GobiernoDeVeracruz.- \u00abEn el Parque Ju\u00e1rez de Xalapa recordamos al presidente Francisco I. Madero, en el d\u00eda en que hace 109<\/p>\n","protected":false},"author":4,"featured_media":1466,"comment_status":"open","ping_status":"open","sticky":false,"template":"","format":"standard","meta":{"colormag_page_container_layout":"default_layout","colormag_page_sidebar_layout":"default_layout","rop_custom_images_group":[],"rop_custom_messages_group":[],"rop_publish_now":"initial","rop_publish_now_accounts":{"facebook_109133384920963_108472061465099":""},"rop_publish_now_history":[],"rop_publish_now_status":"pending","footnotes":""},"categories":[13],"tags":[17,26,20,18,19,84,21,23,22],"class_list":["post-1465","post","type-post","status-publish","format-standard","has-post-thumbnail","hentry","category-principales","tag-cuitlahuac-garcia-jimenez","tag-el-veracruzano-vip","tag-enterate","tag-gobierno-del-estado-de-veracruz","tag-redes-sociales","tag-secretaria-de-proteccion-civil-del-estado-de-veracruz","tag-ultima-hora","tag-ultimas-noticias","tag-ultimo-minuto"],"_links":{"self":[{"href":"https:\/\/elveracruzano.vip\/index.php?rest_route=\/wp\/v2\/posts\/1465","targetHints":{"allow":["GET"]}}],"collection":[{"href":"https:\/\/elveracruzano.vip\/index.php?rest_route=\/wp\/v2\/posts"}],"about":[{"href":"https:\/\/elveracruzano.vip\/index.php?rest_route=\/wp\/v2\/types\/post"}],"author":[{"embeddable":true,"href":"https:\/\/elveracruzano.vip\/index.php?rest_route=\/wp\/v2\/users\/4"}],"replies":[{"embeddable":true,"href":"https:\/\/elveracruzano.vip\/index.php?rest_route=%2Fwp%2Fv2%2Fcomments&post=1465"}],"version-history":[{"count":1,"href":"https:\/\/elveracruzano.vip\/index.php?rest_route=\/wp\/v2\/posts\/1465\/revisions"}],"predecessor-version":[{"id":1467,"href":"https:\/\/elveracruzano.vip\/index.php?rest_route=\/wp\/v2\/posts\/1465\/revisions\/1467"}],"wp:featuredmedia":[{"embeddable":true,"href":"https:\/\/elveracruzano.vip\/index.php?rest_route=\/wp\/v2\/media\/1466"}],"wp:attachment":[{"href":"https:\/\/elveracruzano.vip\/index.php?rest_route=%2Fwp%2Fv2%2Fmedia&parent=1465"}],"wp:term":[{"taxonomy":"category","embeddable":true,"href":"https:\/\/elveracruzano.vip\/index.php?rest_route=%2Fwp%2Fv2%2Fcategories&post=1465"},{"taxonomy":"post_tag","embeddable":true,"href":"https:\/\/elveracruzano.vip\/index.php?rest_route=%2Fwp%2Fv2%2Ftags&post=1465"}],"curies":[{"name":"wp","href":"https:\/\/api.w.org\/{rel}","templated":true}]}}