{"id":1440,"date":"2022-02-23T16:04:00","date_gmt":"2022-02-23T22:04:00","guid":{"rendered":"http:\/\/elveracruzano.vip\/?p=1440"},"modified":"2022-02-23T12:07:56","modified_gmt":"2022-02-23T18:07:56","slug":"en-coordinacion-con-pueblo-y-gobierno-va-el-rescate-cultural-de-actopan-gobernador-cuitlahuac-garcia","status":"publish","type":"post","link":"https:\/\/elveracruzano.vip\/?p=1440","title":{"rendered":"En coordinaci\u00f3n con pueblo y gobierno, va el rescate cultural de Actopan: gobernador Cuitl\u00e1huac Garc\u00eda"},"content":{"rendered":"\n<p><strong>#GobiernoDeVeracruz<\/strong>.- Con el inicio de una nueva etapa de coordinaci\u00f3n entre el Gobierno del Estado y el Ayuntamiento de este municipio, el gobernador Cuitl\u00e1huac Garc\u00eda Jim\u00e9nez agradeci\u00f3 al pueblo su confianza en la Cuarta Transformaci\u00f3n y manifest\u00f3 que el respaldo ser\u00e1 desde hoy en todos los \u00e1mbitos.<\/p>\n\n\n\n<p>Acompa\u00f1ado por la titular de la Secretar\u00eda de Protecci\u00f3n Civil, Guadalupe Osorno Maldonado, y la alcaldesa Mar\u00eda Esther L\u00f3pez Callejas, tom\u00f3 protesta al Consejo Municipal de PC como el ente de gesti\u00f3n integral del riesgo y primer respondiente ante las emergencias que tuvieran lugar, el cual mantendr\u00e1 comunicaci\u00f3n constante con el Sistema Estatal.<\/p>\n\n\n\n<p>Previamente, entreg\u00f3 una camioneta pickup 4\u00d74 equipada con torreta, sirena, radio, luces apegadas a la norma NFPA 1901, caja de herramientas y bola de arrastre; adem\u00e1s de un cami\u00f3n cisterna con capacidad de 10 mil litros que incluye elementos de comunicaci\u00f3n y prevenci\u00f3n similares, ambos veh\u00edculos con un valor superior a los 2 millones 660 mil pesos.<\/p>\n\n\n\n<p>El mandatario expres\u00f3 que la colaboraci\u00f3n se ver\u00e1 reflejada no s\u00f3lo en temas de protecci\u00f3n civil sino tambi\u00e9n en el impulso al turismo en las zonas costeras, la producci\u00f3n agr\u00edcola y sobre todo un rescate cultural; \u201cActopan es de esos lugares que lo tienen todo, nada m\u00e1s le hac\u00edan falta buenos gobiernos\u201d.<\/p>\n\n\n\n<p><strong>#ElVeracruzanoVip<\/strong><\/p>\n","protected":false},"excerpt":{"rendered":"<p>#GobiernoDeVeracruz.- Con el inicio de una nueva etapa de coordinaci\u00f3n entre el Gobierno del Estado y el Ayuntamiento de este<\/p>\n","protected":false},"author":4,"featured_media":1441,"comment_status":"open","ping_status":"open","sticky":false,"template":"","format":"standard","meta":{"colormag_page_container_layout":"default_layout","colormag_page_sidebar_layout":"default_layout","rop_custom_images_group":[],"rop_custom_messages_group":[],"rop_publish_now":"initial","rop_publish_now_accounts":{"facebook_109133384920963_108472061465099":""},"rop_publish_now_history":[],"rop_publish_now_status":"pending","footnotes":""},"categories":[16],"tags":[26,20,18,19,84,21,23,22],"class_list":["post-1440","post","type-post","status-publish","format-standard","has-post-thumbnail","hentry","category-ultima-hora","tag-el-veracruzano-vip","tag-enterate","tag-gobierno-del-estado-de-veracruz","tag-redes-sociales","tag-secretaria-de-proteccion-civil-del-estado-de-veracruz","tag-ultima-hora","tag-ultimas-noticias","tag-ultimo-minuto"],"_links":{"self":[{"href":"https:\/\/elveracruzano.vip\/index.php?rest_route=\/wp\/v2\/posts\/1440","targetHints":{"allow":["GET"]}}],"collection":[{"href":"https:\/\/elveracruzano.vip\/index.php?rest_route=\/wp\/v2\/posts"}],"about":[{"href":"https:\/\/elveracruzano.vip\/index.php?rest_route=\/wp\/v2\/types\/post"}],"author":[{"embeddable":true,"href":"https:\/\/elveracruzano.vip\/index.php?rest_route=\/wp\/v2\/users\/4"}],"replies":[{"embeddable":true,"href":"https:\/\/elveracruzano.vip\/index.php?rest_route=%2Fwp%2Fv2%2Fcomments&post=1440"}],"version-history":[{"count":1,"href":"https:\/\/elveracruzano.vip\/index.php?rest_route=\/wp\/v2\/posts\/1440\/revisions"}],"predecessor-version":[{"id":1442,"href":"https:\/\/elveracruzano.vip\/index.php?rest_route=\/wp\/v2\/posts\/1440\/revisions\/1442"}],"wp:featuredmedia":[{"embeddable":true,"href":"https:\/\/elveracruzano.vip\/index.php?rest_route=\/wp\/v2\/media\/1441"}],"wp:attachment":[{"href":"https:\/\/elveracruzano.vip\/index.php?rest_route=%2Fwp%2Fv2%2Fmedia&parent=1440"}],"wp:term":[{"taxonomy":"category","embeddable":true,"href":"https:\/\/elveracruzano.vip\/index.php?rest_route=%2Fwp%2Fv2%2Fcategories&post=1440"},{"taxonomy":"post_tag","embeddable":true,"href":"https:\/\/elveracruzano.vip\/index.php?rest_route=%2Fwp%2Fv2%2Ftags&post=1440"}],"curies":[{"name":"wp","href":"https:\/\/api.w.org\/{rel}","templated":true}]}}