{"id":1437,"date":"2022-02-23T14:02:00","date_gmt":"2022-02-23T20:02:00","guid":{"rendered":"http:\/\/elveracruzano.vip\/?p=1437"},"modified":"2022-02-23T12:04:11","modified_gmt":"2022-02-23T18:04:11","slug":"sesiona-la-ssp-la-mesa-de-coordinacion-para-la-construccion-de-la-paz-en-la-localidad-de-chicuasen","status":"publish","type":"post","link":"https:\/\/elveracruzano.vip\/?p=1437","title":{"rendered":"Sesiona la SSP la Mesa de Coordinaci\u00f3n para la Construcci\u00f3n de la Paz, en la localidad de Chicuas\u00e9n"},"content":{"rendered":"\n<p><strong>#GobiernoDeVeracruz<\/strong>.- La ma\u00f1ana del 22 de febrero, la Secretar\u00eda de Seguridad P\u00fablica de Veracruz, sesion\u00f3 la Mesa de Coordinaci\u00f3n para la Construcci\u00f3n de la Paz, en la localidad de Chicuas\u00e9n, perteneciente al municipio de Actopan.<\/p>\n\n\n\n<p>En este evento, se revis\u00f3 el informe sobre la incidencia delictiva, el cual destaca que ning\u00fan municipio de Veracruz se encuentra dentro de los 50 lugares catalogados de alta prioridad en el tema de inseguridad.<\/p>\n\n\n\n<p>Dando puntual seguimiento a la Estrategia Federal de Seguridad, Veracruz se mantiene como uno de los estados m\u00e1s seguros en el pa\u00eds.<\/p>\n\n\n\n<p><strong>#ElVeracruzanoVip<\/strong><\/p>\n","protected":false},"excerpt":{"rendered":"<p>#GobiernoDeVeracruz.- La ma\u00f1ana del 22 de febrero, la Secretar\u00eda de Seguridad P\u00fablica de Veracruz, sesion\u00f3 la Mesa de Coordinaci\u00f3n para<\/p>\n","protected":false},"author":4,"featured_media":1438,"comment_status":"open","ping_status":"open","sticky":false,"template":"","format":"standard","meta":{"colormag_page_container_layout":"default_layout","colormag_page_sidebar_layout":"default_layout","rop_custom_images_group":[],"rop_custom_messages_group":[],"rop_publish_now":"initial","rop_publish_now_accounts":{"facebook_109133384920963_108472061465099":""},"rop_publish_now_history":[],"rop_publish_now_status":"pending","footnotes":""},"categories":[14],"tags":[26,20,18,19,91,84,21,23,22],"class_list":["post-1437","post","type-post","status-publish","format-standard","has-post-thumbnail","hentry","category-secretarias","tag-el-veracruzano-vip","tag-enterate","tag-gobierno-del-estado-de-veracruz","tag-redes-sociales","tag-secretaria-de-educacion-veracruz","tag-secretaria-de-proteccion-civil-del-estado-de-veracruz","tag-ultima-hora","tag-ultimas-noticias","tag-ultimo-minuto"],"_links":{"self":[{"href":"https:\/\/elveracruzano.vip\/index.php?rest_route=\/wp\/v2\/posts\/1437","targetHints":{"allow":["GET"]}}],"collection":[{"href":"https:\/\/elveracruzano.vip\/index.php?rest_route=\/wp\/v2\/posts"}],"about":[{"href":"https:\/\/elveracruzano.vip\/index.php?rest_route=\/wp\/v2\/types\/post"}],"author":[{"embeddable":true,"href":"https:\/\/elveracruzano.vip\/index.php?rest_route=\/wp\/v2\/users\/4"}],"replies":[{"embeddable":true,"href":"https:\/\/elveracruzano.vip\/index.php?rest_route=%2Fwp%2Fv2%2Fcomments&post=1437"}],"version-history":[{"count":1,"href":"https:\/\/elveracruzano.vip\/index.php?rest_route=\/wp\/v2\/posts\/1437\/revisions"}],"predecessor-version":[{"id":1439,"href":"https:\/\/elveracruzano.vip\/index.php?rest_route=\/wp\/v2\/posts\/1437\/revisions\/1439"}],"wp:featuredmedia":[{"embeddable":true,"href":"https:\/\/elveracruzano.vip\/index.php?rest_route=\/wp\/v2\/media\/1438"}],"wp:attachment":[{"href":"https:\/\/elveracruzano.vip\/index.php?rest_route=%2Fwp%2Fv2%2Fmedia&parent=1437"}],"wp:term":[{"taxonomy":"category","embeddable":true,"href":"https:\/\/elveracruzano.vip\/index.php?rest_route=%2Fwp%2Fv2%2Fcategories&post=1437"},{"taxonomy":"post_tag","embeddable":true,"href":"https:\/\/elveracruzano.vip\/index.php?rest_route=%2Fwp%2Fv2%2Ftags&post=1437"}],"curies":[{"name":"wp","href":"https:\/\/api.w.org\/{rel}","templated":true}]}}