{"id":1401,"date":"2022-02-21T11:57:11","date_gmt":"2022-02-21T17:57:11","guid":{"rendered":"http:\/\/elveracruzano.vip\/?p=1401"},"modified":"2022-02-21T11:57:12","modified_gmt":"2022-02-21T17:57:12","slug":"respetando-todas-las-medidas-sanitarias-municipio-de-veracruz-llevara-a-cabo-la-celebracion-del-carnaval","status":"publish","type":"post","link":"https:\/\/elveracruzano.vip\/?p=1401","title":{"rendered":"Respetando todas las medidas sanitarias, municipio de Veracruz, llevar\u00e1 a cabo la celebraci\u00f3n del &#8216;Carnaval&#8217;"},"content":{"rendered":"\n<p><strong>#Veracruz<\/strong>, <strong>#Ver<\/strong>.- \u00abSeguiremos todos los protocolos sanitarios e implementaremos la instalaci\u00f3n de arcos sanitizantes y gel antibacterial en cada uno de los accesos, para brindar mayor protecci\u00f3n a todas las familias veracruzanas y turistas. <\/p>\n\n\n\n<p>Este evento aportar\u00e1 una gran distribuci\u00f3n econ\u00f3mica a nuestro Puerto y con el objetivo de ofrecer un gran espect\u00e1culo, por primera vez, proporcionaremos un vestuario profesional a cada participante del Carnaval, para que esta celebraci\u00f3n este llena de color, alegr\u00eda y seguridad. <\/p>\n\n\n\n<p>Tambi\u00e9n invitamos a todos los veracruzanos que quieran conformar la corte real, a participar en la convocatoria que estar\u00e1 abierta a partir del 4 de marzo hasta el 1 de abril.\u00bb Informaron<\/p>\n\n\n\n<p><strong>#ElVeracruzanoVip<\/strong><\/p>\n","protected":false},"excerpt":{"rendered":"<p>#Veracruz, #Ver.- \u00abSeguiremos todos los protocolos sanitarios e implementaremos la instalaci\u00f3n de arcos sanitizantes y gel antibacterial en cada uno<\/p>\n","protected":false},"author":4,"featured_media":1402,"comment_status":"open","ping_status":"open","sticky":false,"template":"","format":"standard","meta":{"colormag_page_container_layout":"default_layout","colormag_page_sidebar_layout":"default_layout","rop_custom_images_group":[],"rop_custom_messages_group":[],"rop_publish_now":"initial","rop_publish_now_accounts":{"facebook_109133384920963_108472061465099":""},"rop_publish_now_history":[],"rop_publish_now_status":"pending","footnotes":""},"categories":[8],"tags":[26,20,18,19,21,23,22,90],"class_list":["post-1401","post","type-post","status-publish","format-standard","has-post-thumbnail","hentry","category-alcaldesas","tag-el-veracruzano-vip","tag-enterate","tag-gobierno-del-estado-de-veracruz","tag-redes-sociales","tag-ultima-hora","tag-ultimas-noticias","tag-ultimo-minuto","tag-veracruz-ciudad-y-puerto"],"_links":{"self":[{"href":"https:\/\/elveracruzano.vip\/index.php?rest_route=\/wp\/v2\/posts\/1401","targetHints":{"allow":["GET"]}}],"collection":[{"href":"https:\/\/elveracruzano.vip\/index.php?rest_route=\/wp\/v2\/posts"}],"about":[{"href":"https:\/\/elveracruzano.vip\/index.php?rest_route=\/wp\/v2\/types\/post"}],"author":[{"embeddable":true,"href":"https:\/\/elveracruzano.vip\/index.php?rest_route=\/wp\/v2\/users\/4"}],"replies":[{"embeddable":true,"href":"https:\/\/elveracruzano.vip\/index.php?rest_route=%2Fwp%2Fv2%2Fcomments&post=1401"}],"version-history":[{"count":1,"href":"https:\/\/elveracruzano.vip\/index.php?rest_route=\/wp\/v2\/posts\/1401\/revisions"}],"predecessor-version":[{"id":1403,"href":"https:\/\/elveracruzano.vip\/index.php?rest_route=\/wp\/v2\/posts\/1401\/revisions\/1403"}],"wp:featuredmedia":[{"embeddable":true,"href":"https:\/\/elveracruzano.vip\/index.php?rest_route=\/wp\/v2\/media\/1402"}],"wp:attachment":[{"href":"https:\/\/elveracruzano.vip\/index.php?rest_route=%2Fwp%2Fv2%2Fmedia&parent=1401"}],"wp:term":[{"taxonomy":"category","embeddable":true,"href":"https:\/\/elveracruzano.vip\/index.php?rest_route=%2Fwp%2Fv2%2Fcategories&post=1401"},{"taxonomy":"post_tag","embeddable":true,"href":"https:\/\/elveracruzano.vip\/index.php?rest_route=%2Fwp%2Fv2%2Ftags&post=1401"}],"curies":[{"name":"wp","href":"https:\/\/api.w.org\/{rel}","templated":true}]}}