{"id":1371,"date":"2022-02-18T11:54:36","date_gmt":"2022-02-18T17:54:36","guid":{"rendered":"http:\/\/elveracruzano.vip\/?p=1371"},"modified":"2022-02-18T11:54:37","modified_gmt":"2022-02-18T17:54:37","slug":"con-el-proposito-de-evitar-un-aumento-en-los-contagios-sanitizan-oficinas-municipales-y-de-la-guardia-nacional-en-minatitlan","status":"publish","type":"post","link":"https:\/\/elveracruzano.vip\/?p=1371","title":{"rendered":"Con el prop\u00f3sito de evitar un aumento en los contagios, sanitizan oficinas municipales y de la Guardia Nacional en Minatitl\u00e1n"},"content":{"rendered":"\n<p><strong>#Minatitl\u00e1n<\/strong>, <strong>#Ver<\/strong>. &#8211; Continuando con las acciones de prevenci\u00f3n de contagios de covid-19, en el municipio de Minatitl\u00e1n se realiz\u00f3 la desinfecci\u00f3n de las oficinas municipales, adem\u00e1s de la sede de la Guardia Nacional.<\/p>\n\n\n\n<p>El uso estricto del cubrebocas dentro de las oficinas, la toma de temperatura y uso de gel antibacterial al ingresar a las instalaciones, as\u00ed como la sanitizaci\u00f3n de las oficinas son algunas medidas que se han implementado ante el cambio del sem\u00e1foro epidemiol\u00f3gico a color naranja en el municipio.<\/p>\n\n\n\n<p>Las oficinas atendidas este mi\u00e9rcoles fueron; Obras P\u00fablicas, comandancia de Seguridad Publica, Limpia Publica, Ornatos Parques y Jardines, Pante\u00f3n Municipal, Protecci\u00f3n Civil, dormitorios de la Guardia Nacional, adem\u00e1s de las oficinas del ISSSTE. Estas acciones ser\u00e1n permanentes para disminuir el riesgo de contagio entre los empleados municipales y la ciudadan\u00eda que acude a realizar alg\u00fan tipo de tr\u00e1mite en las diferentes direcciones.<\/p>\n\n\n\n<p><strong>#ElVeracruzanoVip<\/strong><\/p>\n","protected":false},"excerpt":{"rendered":"<p>#Minatitl\u00e1n, #Ver. &#8211; Continuando con las acciones de prevenci\u00f3n de contagios de covid-19, en el municipio de Minatitl\u00e1n se realiz\u00f3<\/p>\n","protected":false},"author":4,"featured_media":1372,"comment_status":"open","ping_status":"open","sticky":false,"template":"","format":"standard","meta":{"colormag_page_container_layout":"default_layout","colormag_page_sidebar_layout":"default_layout","rop_custom_images_group":[],"rop_custom_messages_group":[],"rop_publish_now":"initial","rop_publish_now_accounts":{"facebook_109133384920963_108472061465099":""},"rop_publish_now_history":[],"rop_publish_now_status":"pending","footnotes":""},"categories":[8],"tags":[26,20,18,39,19,21,23,22],"class_list":["post-1371","post","type-post","status-publish","format-standard","has-post-thumbnail","hentry","category-alcaldesas","tag-el-veracruzano-vip","tag-enterate","tag-gobierno-del-estado-de-veracruz","tag-minatitlan","tag-redes-sociales","tag-ultima-hora","tag-ultimas-noticias","tag-ultimo-minuto"],"_links":{"self":[{"href":"https:\/\/elveracruzano.vip\/index.php?rest_route=\/wp\/v2\/posts\/1371","targetHints":{"allow":["GET"]}}],"collection":[{"href":"https:\/\/elveracruzano.vip\/index.php?rest_route=\/wp\/v2\/posts"}],"about":[{"href":"https:\/\/elveracruzano.vip\/index.php?rest_route=\/wp\/v2\/types\/post"}],"author":[{"embeddable":true,"href":"https:\/\/elveracruzano.vip\/index.php?rest_route=\/wp\/v2\/users\/4"}],"replies":[{"embeddable":true,"href":"https:\/\/elveracruzano.vip\/index.php?rest_route=%2Fwp%2Fv2%2Fcomments&post=1371"}],"version-history":[{"count":1,"href":"https:\/\/elveracruzano.vip\/index.php?rest_route=\/wp\/v2\/posts\/1371\/revisions"}],"predecessor-version":[{"id":1373,"href":"https:\/\/elveracruzano.vip\/index.php?rest_route=\/wp\/v2\/posts\/1371\/revisions\/1373"}],"wp:featuredmedia":[{"embeddable":true,"href":"https:\/\/elveracruzano.vip\/index.php?rest_route=\/wp\/v2\/media\/1372"}],"wp:attachment":[{"href":"https:\/\/elveracruzano.vip\/index.php?rest_route=%2Fwp%2Fv2%2Fmedia&parent=1371"}],"wp:term":[{"taxonomy":"category","embeddable":true,"href":"https:\/\/elveracruzano.vip\/index.php?rest_route=%2Fwp%2Fv2%2Fcategories&post=1371"},{"taxonomy":"post_tag","embeddable":true,"href":"https:\/\/elveracruzano.vip\/index.php?rest_route=%2Fwp%2Fv2%2Ftags&post=1371"}],"curies":[{"name":"wp","href":"https:\/\/api.w.org\/{rel}","templated":true}]}}