{"id":1332,"date":"2022-02-17T12:11:52","date_gmt":"2022-02-17T18:11:52","guid":{"rendered":"http:\/\/elveracruzano.vip\/?p=1332"},"modified":"2022-02-17T12:11:53","modified_gmt":"2022-02-17T18:11:53","slug":"en-conjunto-a-la-secretaria-de-la-defensa-nacional-inicia-boca-del-rio-el-programa-recuperando-mi-escuela","status":"publish","type":"post","link":"https:\/\/elveracruzano.vip\/?p=1332","title":{"rendered":"En conjunto a la Secretar\u00eda de la Defensa Nacional, inicia Boca del R\u00edo, el programa &#8216;Recuperando mi Escuela&#8217;"},"content":{"rendered":"\n<p><strong>#BocaDelR\u00edo<\/strong>, <strong>#Ver<\/strong>.- \u00abGracias a la Secretar\u00eda de la Defensa Nacional por su compromiso permanente con todos los boque\u00f1os. Hoy junto a esta gran instituci\u00f3n, pusimos en marcha el programa Recuperando mi Escuela, para ayudar con el mantenimiento y rehabilitaci\u00f3n de primarias y secundarias en Boca del R\u00edo. Arrancamos en la Secundaria T\u00e9cnica Pesquera #14 y dejamos abierta la convocatoria para el registro de m\u00e1s escuelas a trav\u00e9s del correo gobernacion@bocadelrio.gob.mx\u00bb Manifestaron<\/p>\n\n\n\n<div class=\"wp-block-image\"><figure class=\"aligncenter size-large is-resized\"><img loading=\"lazy\" decoding=\"async\" src=\"http:\/\/elveracruzano.vip\/wp-content\/uploads\/2022\/02\/boca2-2-1024x682.jpg\" alt=\"\" class=\"wp-image-1333\" width=\"490\" height=\"326\" srcset=\"https:\/\/elveracruzano.vip\/wp-content\/uploads\/2022\/02\/boca2-2-1024x682.jpg 1024w, https:\/\/elveracruzano.vip\/wp-content\/uploads\/2022\/02\/boca2-2-300x200.jpg 300w, https:\/\/elveracruzano.vip\/wp-content\/uploads\/2022\/02\/boca2-2-768x512.jpg 768w, https:\/\/elveracruzano.vip\/wp-content\/uploads\/2022\/02\/boca2-2-600x400.jpg 600w, https:\/\/elveracruzano.vip\/wp-content\/uploads\/2022\/02\/boca2-2.jpg 1280w\" sizes=\"auto, (max-width: 490px) 100vw, 490px\" \/><\/figure><\/div>\n\n\n\n<p><strong>#ElVeracruzanoVip<\/strong><\/p>\n","protected":false},"excerpt":{"rendered":"<p>#BocaDelR\u00edo, #Ver.- \u00abGracias a la Secretar\u00eda de la Defensa Nacional por su compromiso permanente con todos los boque\u00f1os. Hoy junto<\/p>\n","protected":false},"author":4,"featured_media":1334,"comment_status":"open","ping_status":"open","sticky":false,"template":"","format":"standard","meta":{"colormag_page_container_layout":"default_layout","colormag_page_sidebar_layout":"default_layout","rop_custom_images_group":[],"rop_custom_messages_group":[],"rop_publish_now":"initial","rop_publish_now_accounts":{"facebook_109133384920963_108472061465099":""},"rop_publish_now_history":[],"rop_publish_now_status":"pending","footnotes":""},"categories":[11],"tags":[35,76,26,20,18,34,19,21,23,22],"class_list":["post-1332","post","type-post","status-publish","format-standard","has-post-thumbnail","hentry","category-municipios-destacados","tag-boca-del-rio","tag-dif-boca-del-rio","tag-el-veracruzano-vip","tag-enterate","tag-gobierno-del-estado-de-veracruz","tag-juan-manuel-unanue","tag-redes-sociales","tag-ultima-hora","tag-ultimas-noticias","tag-ultimo-minuto"],"_links":{"self":[{"href":"https:\/\/elveracruzano.vip\/index.php?rest_route=\/wp\/v2\/posts\/1332","targetHints":{"allow":["GET"]}}],"collection":[{"href":"https:\/\/elveracruzano.vip\/index.php?rest_route=\/wp\/v2\/posts"}],"about":[{"href":"https:\/\/elveracruzano.vip\/index.php?rest_route=\/wp\/v2\/types\/post"}],"author":[{"embeddable":true,"href":"https:\/\/elveracruzano.vip\/index.php?rest_route=\/wp\/v2\/users\/4"}],"replies":[{"embeddable":true,"href":"https:\/\/elveracruzano.vip\/index.php?rest_route=%2Fwp%2Fv2%2Fcomments&post=1332"}],"version-history":[{"count":1,"href":"https:\/\/elveracruzano.vip\/index.php?rest_route=\/wp\/v2\/posts\/1332\/revisions"}],"predecessor-version":[{"id":1335,"href":"https:\/\/elveracruzano.vip\/index.php?rest_route=\/wp\/v2\/posts\/1332\/revisions\/1335"}],"wp:featuredmedia":[{"embeddable":true,"href":"https:\/\/elveracruzano.vip\/index.php?rest_route=\/wp\/v2\/media\/1334"}],"wp:attachment":[{"href":"https:\/\/elveracruzano.vip\/index.php?rest_route=%2Fwp%2Fv2%2Fmedia&parent=1332"}],"wp:term":[{"taxonomy":"category","embeddable":true,"href":"https:\/\/elveracruzano.vip\/index.php?rest_route=%2Fwp%2Fv2%2Fcategories&post=1332"},{"taxonomy":"post_tag","embeddable":true,"href":"https:\/\/elveracruzano.vip\/index.php?rest_route=%2Fwp%2Fv2%2Ftags&post=1332"}],"curies":[{"name":"wp","href":"https:\/\/api.w.org\/{rel}","templated":true}]}}