{"id":1313,"date":"2022-02-16T12:24:48","date_gmt":"2022-02-16T18:24:48","guid":{"rendered":"http:\/\/elveracruzano.vip\/?p=1313"},"modified":"2022-02-16T12:24:49","modified_gmt":"2022-02-16T18:24:49","slug":"llega-el-refuerzo-para-los-de-30-en-coatzacoalcos","status":"publish","type":"post","link":"https:\/\/elveracruzano.vip\/?p=1313","title":{"rendered":"Llega el refuerzo para los de 30+ en Coatzacoalcos"},"content":{"rendered":"\n<p><strong>#Coatzacoalcos<\/strong>, <strong>#Ver<\/strong>.- Del 20 al 23 de febrero en Coatzacoalcos se aplicar\u00e1 la vacuna de refuerzo (o tercera dosis) para personas mayores de 30 a\u00f1os, 40+, 50+ y 60+, que tengan el esquema completo (las dos primeras vacunas) mayor a cuatro meses.Cabe hacer menci\u00f3n que, para el refuerzo, las Brigadas Correcaminos estar\u00e1n aplicando la vacuna AstraZeneca.<\/p>\n\n\n\n<p>Asimismo, la jornada de vacunaci\u00f3n atender\u00e1 a personas que a\u00fan no hayan recibido ninguna dosis de vacuna (se aplica UNIDOSIS), j\u00f3venes de 14 a\u00f1os que cumplen 15 a\u00f1os este 2022, 15 a 17 a\u00f1os sin comorbilidades, embarazadas a partir de los tres meses de gestaci\u00f3n y para quienes requieran cerrar su esquema de vacunaci\u00f3n.<\/p>\n\n\n\n<p>Las sedes ser\u00e1n la unidad deportiva La Alameda, el deportivo Margarita Maza de Ju\u00e1rez y el Instituto Tecnol\u00f3gico Superior de Coatzacoalcos (ITESCO) del 20 al 22 de febrero y el 23 de febrero solo estar\u00e1n disponibles el deportivo Margarita Maza de Ju\u00e1rez y el Domo de Villa Allende, atendiendo los cuatro d\u00edas de 8:00 a 17:00 horas. <\/p>\n\n\n\n<p>Las autoridades de salud recuerdan a la ciudadan\u00eda que para recibir su vacuna deber\u00e1n llevar lapicero y acudir con expediente de vacunaci\u00f3n impreso, descargado de <a rel=\"noreferrer noopener\" href=\"http:\/\/mivacuna.salud.gob.mx\/?fbclid=IwAR1jJ49jEqyIVdlc2sR-3n3oMQlaPTi1Lb4A9cZX0zGpwioK7beTqLOUZbI\" target=\"_blank\">http:\/\/mivacuna.salud.gob.mx.<\/a><\/p>\n\n\n\n<p><strong>#ElVeracruzanoVip<\/strong><\/p>\n","protected":false},"excerpt":{"rendered":"<p>#Coatzacoalcos, #Ver.- Del 20 al 23 de febrero en Coatzacoalcos se aplicar\u00e1 la vacuna de refuerzo (o tercera dosis) para<\/p>\n","protected":false},"author":4,"featured_media":1314,"comment_status":"open","ping_status":"open","sticky":false,"template":"","format":"standard","meta":{"colormag_page_container_layout":"default_layout","colormag_page_sidebar_layout":"default_layout","rop_custom_images_group":[],"rop_custom_messages_group":[],"rop_publish_now":"initial","rop_publish_now_accounts":{"facebook_109133384920963_108472061465099":""},"rop_publish_now_history":[],"rop_publish_now_status":"pending","footnotes":""},"categories":[10],"tags":[37,26,20,18,19,21,23,22],"class_list":["post-1313","post","type-post","status-publish","format-standard","has-post-thumbnail","hentry","category-municipios","tag-coatzacoalcos","tag-el-veracruzano-vip","tag-enterate","tag-gobierno-del-estado-de-veracruz","tag-redes-sociales","tag-ultima-hora","tag-ultimas-noticias","tag-ultimo-minuto"],"_links":{"self":[{"href":"https:\/\/elveracruzano.vip\/index.php?rest_route=\/wp\/v2\/posts\/1313","targetHints":{"allow":["GET"]}}],"collection":[{"href":"https:\/\/elveracruzano.vip\/index.php?rest_route=\/wp\/v2\/posts"}],"about":[{"href":"https:\/\/elveracruzano.vip\/index.php?rest_route=\/wp\/v2\/types\/post"}],"author":[{"embeddable":true,"href":"https:\/\/elveracruzano.vip\/index.php?rest_route=\/wp\/v2\/users\/4"}],"replies":[{"embeddable":true,"href":"https:\/\/elveracruzano.vip\/index.php?rest_route=%2Fwp%2Fv2%2Fcomments&post=1313"}],"version-history":[{"count":1,"href":"https:\/\/elveracruzano.vip\/index.php?rest_route=\/wp\/v2\/posts\/1313\/revisions"}],"predecessor-version":[{"id":1315,"href":"https:\/\/elveracruzano.vip\/index.php?rest_route=\/wp\/v2\/posts\/1313\/revisions\/1315"}],"wp:featuredmedia":[{"embeddable":true,"href":"https:\/\/elveracruzano.vip\/index.php?rest_route=\/wp\/v2\/media\/1314"}],"wp:attachment":[{"href":"https:\/\/elveracruzano.vip\/index.php?rest_route=%2Fwp%2Fv2%2Fmedia&parent=1313"}],"wp:term":[{"taxonomy":"category","embeddable":true,"href":"https:\/\/elveracruzano.vip\/index.php?rest_route=%2Fwp%2Fv2%2Fcategories&post=1313"},{"taxonomy":"post_tag","embeddable":true,"href":"https:\/\/elveracruzano.vip\/index.php?rest_route=%2Fwp%2Fv2%2Ftags&post=1313"}],"curies":[{"name":"wp","href":"https:\/\/api.w.org\/{rel}","templated":true}]}}