{"id":1307,"date":"2022-02-16T19:03:00","date_gmt":"2022-02-17T01:03:00","guid":{"rendered":"http:\/\/elveracruzano.vip\/?p=1307"},"modified":"2022-02-16T12:07:43","modified_gmt":"2022-02-16T18:07:43","slug":"alerta-proteccion-civil-de-tijuana-por-cambios-drasticos-en-la-temperatura","status":"publish","type":"post","link":"https:\/\/elveracruzano.vip\/?p=1307","title":{"rendered":"Alerta Protecci\u00f3n Civil de Tijuana, por cambios dr\u00e1sticos en la temperatura"},"content":{"rendered":"\n<p><strong>#Tijuana<\/strong>, <strong>#B.C.<\/strong>&#8211; Despu\u00e9s de pasar por una semana con clima c\u00e1lido, at\u00edpica para esta temporada del a\u00f1o, a partir de este martes se refleja un dr\u00e1stico descenso en la temperatura, con nublados y posibilidades de lluvia en Tijuana.<\/p>\n\n\n\n<p>De acuerdo con el reporte climatol\u00f3gico de la Direcci\u00f3n Municipal de Protecci\u00f3n Civil (PC), este d\u00eda aument\u00f3 la humedad relativa misma que g\u00e9nero un descenso significativo en las temperaturas m\u00e1ximas, por lo que prevalecer\u00e1 el resto del d\u00eda nublado con vientos fuertes ocasionales provenientes del Oeste, y leves probabilidades de lloviznas y lluvias aisladas durante el d\u00eda.<\/p>\n\n\n\n<p>Sin embargo, a partir del mi\u00e9rcoles y lo que resta de la semana, se espera que arribe a la regi\u00f3n otra condici\u00f3n de vientos de Santa Ana, que traer\u00e1 un leve aumento en las temperaturas.<\/p>\n\n\n\n<p>Este martes se estima que las temperaturas m\u00e1ximas sean de 15 grados cent\u00edgrados, mientras que las m\u00ednimas se espera lleguen a los 9 grados; el mi\u00e9rcoles las temperaturas podr\u00edan oscilar entre los 18 a 10 grados cent\u00edgrados; para el jueves se pronostican temperaturas entre los 21 a los 5 grados.<\/p>\n\n\n\n<p><strong>#ElVeracruzanoVip<\/strong><\/p>\n","protected":false},"excerpt":{"rendered":"<p>#Tijuana, #B.C.&#8211; Despu\u00e9s de pasar por una semana con clima c\u00e1lido, at\u00edpica para esta temporada del a\u00f1o, a partir de<\/p>\n","protected":false},"author":4,"featured_media":1308,"comment_status":"open","ping_status":"open","sticky":false,"template":"","format":"standard","meta":{"colormag_page_container_layout":"default_layout","colormag_page_sidebar_layout":"default_layout","rop_custom_images_group":[],"rop_custom_messages_group":[],"rop_publish_now":"initial","rop_publish_now_accounts":{"facebook_109133384920963_108472061465099":""},"rop_publish_now_history":[],"rop_publish_now_status":"pending","footnotes":""},"categories":[12],"tags":[68,26,20,79,19,21,23,22],"class_list":["post-1307","post","type-post","status-publish","format-standard","has-post-thumbnail","hentry","category-municipios-en-mexico","tag-ayuntamiento-de-tijuana","tag-el-veracruzano-vip","tag-enterate","tag-gobierno-del-estado-de-baja-california","tag-redes-sociales","tag-ultima-hora","tag-ultimas-noticias","tag-ultimo-minuto"],"_links":{"self":[{"href":"https:\/\/elveracruzano.vip\/index.php?rest_route=\/wp\/v2\/posts\/1307","targetHints":{"allow":["GET"]}}],"collection":[{"href":"https:\/\/elveracruzano.vip\/index.php?rest_route=\/wp\/v2\/posts"}],"about":[{"href":"https:\/\/elveracruzano.vip\/index.php?rest_route=\/wp\/v2\/types\/post"}],"author":[{"embeddable":true,"href":"https:\/\/elveracruzano.vip\/index.php?rest_route=\/wp\/v2\/users\/4"}],"replies":[{"embeddable":true,"href":"https:\/\/elveracruzano.vip\/index.php?rest_route=%2Fwp%2Fv2%2Fcomments&post=1307"}],"version-history":[{"count":1,"href":"https:\/\/elveracruzano.vip\/index.php?rest_route=\/wp\/v2\/posts\/1307\/revisions"}],"predecessor-version":[{"id":1309,"href":"https:\/\/elveracruzano.vip\/index.php?rest_route=\/wp\/v2\/posts\/1307\/revisions\/1309"}],"wp:featuredmedia":[{"embeddable":true,"href":"https:\/\/elveracruzano.vip\/index.php?rest_route=\/wp\/v2\/media\/1308"}],"wp:attachment":[{"href":"https:\/\/elveracruzano.vip\/index.php?rest_route=%2Fwp%2Fv2%2Fmedia&parent=1307"}],"wp:term":[{"taxonomy":"category","embeddable":true,"href":"https:\/\/elveracruzano.vip\/index.php?rest_route=%2Fwp%2Fv2%2Fcategories&post=1307"},{"taxonomy":"post_tag","embeddable":true,"href":"https:\/\/elveracruzano.vip\/index.php?rest_route=%2Fwp%2Fv2%2Ftags&post=1307"}],"curies":[{"name":"wp","href":"https:\/\/api.w.org\/{rel}","templated":true}]}}