{"id":1261,"date":"2022-02-14T12:11:35","date_gmt":"2022-02-14T18:11:35","guid":{"rendered":"http:\/\/elveracruzano.vip\/?p=1261"},"modified":"2022-02-14T12:11:35","modified_gmt":"2022-02-14T18:11:35","slug":"entregan-unidades-a-la-direccion-municipal-de-proteccion-civil-de-minatitlan","status":"publish","type":"post","link":"https:\/\/elveracruzano.vip\/?p=1261","title":{"rendered":"Entregan unidades a la direcci\u00f3n municipal de Protecci\u00f3n Civil de Minatitl\u00e1n"},"content":{"rendered":"\n<p><strong>#Minatitl\u00e1n<\/strong>, <strong>#Ver<\/strong>. \u2013 La secretar\u00eda de Protecci\u00f3n Civil del Estado que preside la doctora Guadalupe Osorno Maldonado, realiz\u00f3 la entrega de unidades al ayuntamiento de Minatitl\u00e1n, como parte de las gestiones realizadas por las autoridades municipales.<\/p>\n\n\n\n<p>La unidad municipal recibi\u00f3 una pipa para agua, una lancha, un motor fuera de borda y una camioneta de reacci\u00f3n, que ayudar\u00e1n a fortalecer las atenciones que brindan los elementos en la cabecera municipal, as\u00ed como en la zona rural.<\/p>\n\n\n\n<p>Siendo Minatitl\u00e1n una zona de riesgo en cuestiones de inundaciones, incendios forestales se le dio prioridad para realizar esta entrega, fortaleciendo a esta dependencia.<\/p>\n\n\n\n<p>Las autoridades municipales expresaron su agradecimiento al gobierno del estado por esta gesti\u00f3n que se pudo concretar, ya que con estas unidades se podr\u00e1 tener mayor cobertura en el municipio, adem\u00e1s de dotar de herramientas que son necesarias, para fortalecer las acciones de prevenci\u00f3n ante alguna contingencia.<\/p>\n\n\n\n<p><strong>#ElVeracruzanoVip<\/strong><\/p>\n","protected":false},"excerpt":{"rendered":"<p>#Minatitl\u00e1n, #Ver. \u2013 La secretar\u00eda de Protecci\u00f3n Civil del Estado que preside la doctora Guadalupe Osorno Maldonado, realiz\u00f3 la entrega<\/p>\n","protected":false},"author":4,"featured_media":1262,"comment_status":"open","ping_status":"open","sticky":false,"template":"","format":"standard","meta":{"colormag_page_container_layout":"default_layout","colormag_page_sidebar_layout":"default_layout","rop_custom_images_group":[],"rop_custom_messages_group":[],"rop_publish_now":"initial","rop_publish_now_accounts":{"facebook_109133384920963_108472061465099":""},"rop_publish_now_history":[],"rop_publish_now_status":"pending","footnotes":""},"categories":[8],"tags":[80,26,20,18,39,19,21,23,22],"class_list":["post-1261","post","type-post","status-publish","format-standard","has-post-thumbnail","hentry","category-alcaldesas","tag-carmen-medel-palma","tag-el-veracruzano-vip","tag-enterate","tag-gobierno-del-estado-de-veracruz","tag-minatitlan","tag-redes-sociales","tag-ultima-hora","tag-ultimas-noticias","tag-ultimo-minuto"],"_links":{"self":[{"href":"https:\/\/elveracruzano.vip\/index.php?rest_route=\/wp\/v2\/posts\/1261","targetHints":{"allow":["GET"]}}],"collection":[{"href":"https:\/\/elveracruzano.vip\/index.php?rest_route=\/wp\/v2\/posts"}],"about":[{"href":"https:\/\/elveracruzano.vip\/index.php?rest_route=\/wp\/v2\/types\/post"}],"author":[{"embeddable":true,"href":"https:\/\/elveracruzano.vip\/index.php?rest_route=\/wp\/v2\/users\/4"}],"replies":[{"embeddable":true,"href":"https:\/\/elveracruzano.vip\/index.php?rest_route=%2Fwp%2Fv2%2Fcomments&post=1261"}],"version-history":[{"count":1,"href":"https:\/\/elveracruzano.vip\/index.php?rest_route=\/wp\/v2\/posts\/1261\/revisions"}],"predecessor-version":[{"id":1263,"href":"https:\/\/elveracruzano.vip\/index.php?rest_route=\/wp\/v2\/posts\/1261\/revisions\/1263"}],"wp:featuredmedia":[{"embeddable":true,"href":"https:\/\/elveracruzano.vip\/index.php?rest_route=\/wp\/v2\/media\/1262"}],"wp:attachment":[{"href":"https:\/\/elveracruzano.vip\/index.php?rest_route=%2Fwp%2Fv2%2Fmedia&parent=1261"}],"wp:term":[{"taxonomy":"category","embeddable":true,"href":"https:\/\/elveracruzano.vip\/index.php?rest_route=%2Fwp%2Fv2%2Fcategories&post=1261"},{"taxonomy":"post_tag","embeddable":true,"href":"https:\/\/elveracruzano.vip\/index.php?rest_route=%2Fwp%2Fv2%2Ftags&post=1261"}],"curies":[{"name":"wp","href":"https:\/\/api.w.org\/{rel}","templated":true}]}}