{"id":1251,"date":"2022-02-14T16:42:00","date_gmt":"2022-02-14T22:42:00","guid":{"rendered":"http:\/\/elveracruzano.vip\/?p=1251"},"modified":"2022-02-14T11:43:02","modified_gmt":"2022-02-14T17:43:02","slug":"suman-esfuerzos-stpsp-y-gobierno-federal-para-capacitar-a-servidores-publicos","status":"publish","type":"post","link":"https:\/\/elveracruzano.vip\/?p=1251","title":{"rendered":"Suman esfuerzos STPSP y Gobierno Federal para capacitar a servidores p\u00fablicos"},"content":{"rendered":"\n<p><strong>#GobiernoDeVeracruz<\/strong>.- La Secretar\u00eda de Trabajo, Previsi\u00f3n Social y Productividad (STPSP) estableci\u00f3 un acuerdo de colaboraci\u00f3n con la Unidad de Enlace para la Reforma al Sistema de Justicia Laboral, con la finalidad de sumar esfuerzos en la capacitaci\u00f3n \u00f3ptima y constante de los servidores p\u00fablicos a favor del sector laboral y empresarial de Veracruz.<\/p>\n\n\n\n<p>Ante dicha instancia fue solicitada la actualizaci\u00f3n en las NOM-035 y NOM-036, de manera que sea impartida a compa\u00f1\u00edas veracruzanas y \u00e9stas logren acreditarse. Asimismo, se propuso instruir al capital humano en diversas normas referentes a seguridad, riesgos psicosociales y ergon\u00f3micos, pr\u00e1ctica de enfermer\u00eda, manejo de agentes qu\u00edmicos y recipientes sujetos a presi\u00f3n.<\/p>\n\n\n\n<p>Por su parte, la STPSP present\u00f3 la Gu\u00eda para la Operaci\u00f3n y Funcionamiento de la Comisi\u00f3n Interinstitucional para la Prevenci\u00f3n y Erradicaci\u00f3n del Trabajo Infantil y la Protecci\u00f3n de Adolescentes Trabajadores en Edad Permitida, as\u00ed como la planeaci\u00f3n de un esquema de inclusi\u00f3n de grupos vulnerables.<\/p>\n\n\n\n<p>Finalmente, el Servicio Nacional de Empleo Veracruz (SNEVER) manifest\u00f3 el inter\u00e9s por que existan oportunidades de movilidad laboral para mujeres y explic\u00f3 un esquema de participaci\u00f3n entre los dos \u00f3rganos gubernamentales con miras a mejorar la operaci\u00f3n del Programa de Apoyo al Empleo (PAE).<\/p>\n\n\n\n<p><strong>#ElVeracruzanoVip<\/strong><\/p>\n","protected":false},"excerpt":{"rendered":"<p>#GobiernoDeVeracruz.- La Secretar\u00eda de Trabajo, Previsi\u00f3n Social y Productividad (STPSP) estableci\u00f3 un acuerdo de colaboraci\u00f3n con la Unidad de Enlace<\/p>\n","protected":false},"author":4,"featured_media":1252,"comment_status":"open","ping_status":"open","sticky":false,"template":"","format":"standard","meta":{"colormag_page_container_layout":"default_layout","colormag_page_sidebar_layout":"default_layout","rop_custom_images_group":[],"rop_custom_messages_group":[],"rop_publish_now":"initial","rop_publish_now_accounts":{"facebook_109133384920963_108472061465099":""},"rop_publish_now_history":[],"rop_publish_now_status":"pending","footnotes":""},"categories":[16],"tags":[17,26,20,18,19,21,23,22],"class_list":["post-1251","post","type-post","status-publish","format-standard","has-post-thumbnail","hentry","category-ultima-hora","tag-cuitlahuac-garcia-jimenez","tag-el-veracruzano-vip","tag-enterate","tag-gobierno-del-estado-de-veracruz","tag-redes-sociales","tag-ultima-hora","tag-ultimas-noticias","tag-ultimo-minuto"],"_links":{"self":[{"href":"https:\/\/elveracruzano.vip\/index.php?rest_route=\/wp\/v2\/posts\/1251","targetHints":{"allow":["GET"]}}],"collection":[{"href":"https:\/\/elveracruzano.vip\/index.php?rest_route=\/wp\/v2\/posts"}],"about":[{"href":"https:\/\/elveracruzano.vip\/index.php?rest_route=\/wp\/v2\/types\/post"}],"author":[{"embeddable":true,"href":"https:\/\/elveracruzano.vip\/index.php?rest_route=\/wp\/v2\/users\/4"}],"replies":[{"embeddable":true,"href":"https:\/\/elveracruzano.vip\/index.php?rest_route=%2Fwp%2Fv2%2Fcomments&post=1251"}],"version-history":[{"count":1,"href":"https:\/\/elveracruzano.vip\/index.php?rest_route=\/wp\/v2\/posts\/1251\/revisions"}],"predecessor-version":[{"id":1253,"href":"https:\/\/elveracruzano.vip\/index.php?rest_route=\/wp\/v2\/posts\/1251\/revisions\/1253"}],"wp:featuredmedia":[{"embeddable":true,"href":"https:\/\/elveracruzano.vip\/index.php?rest_route=\/wp\/v2\/media\/1252"}],"wp:attachment":[{"href":"https:\/\/elveracruzano.vip\/index.php?rest_route=%2Fwp%2Fv2%2Fmedia&parent=1251"}],"wp:term":[{"taxonomy":"category","embeddable":true,"href":"https:\/\/elveracruzano.vip\/index.php?rest_route=%2Fwp%2Fv2%2Fcategories&post=1251"},{"taxonomy":"post_tag","embeddable":true,"href":"https:\/\/elveracruzano.vip\/index.php?rest_route=%2Fwp%2Fv2%2Ftags&post=1251"}],"curies":[{"name":"wp","href":"https:\/\/api.w.org\/{rel}","templated":true}]}}