{"id":1082,"date":"2022-02-04T11:59:05","date_gmt":"2022-02-04T17:59:05","guid":{"rendered":"http:\/\/elveracruzano.vip\/?p=1082"},"modified":"2022-02-04T11:59:06","modified_gmt":"2022-02-04T17:59:06","slug":"participan-servidores-publicos-de-coatepec-en-cursos-organizados-por-el-ivai","status":"publish","type":"post","link":"https:\/\/elveracruzano.vip\/?p=1082","title":{"rendered":"Participan servidores p\u00fablicos de Coatepec, en cursos organizados por el IVAI"},"content":{"rendered":"\n<p class=\"wp-block-paragraph\"><strong>#Coatepec<\/strong>, <strong>#Ver<\/strong>.- El municipio de Coatepec, mantiene su compromiso en que los servidores p\u00fablicos brinden atenci\u00f3n de calidad a los ciudadanos, por tal motivo las diversas \u00e1reas se mantienen en constante capacitaci\u00f3n, en esta ocasi\u00f3n participaron en el curso organizado por el Instituto Veracruzano de Acceso a la Informaci\u00f3n y Protecci\u00f3n de Datos Personales IVAI.<\/p>\n\n\n\n<p class=\"wp-block-paragraph\">\u00abEstamos convencidos que la Transparencia Proactiva con prop\u00f3sitos espec\u00edficos propicia la generaci\u00f3n de conocimiento p\u00fablico y contribuye a mejorar la toma de decisiones de los ciudadanos y de las autoridades, recuerda que el acceso a la informaci\u00f3n p\u00fablica es un Derecho Humano y es una prioridad de este gobierno\u00bb Expresaron.<\/p>\n\n\n\n<div class=\"wp-block-image\"><figure class=\"aligncenter size-full is-resized\"><img loading=\"lazy\" decoding=\"async\" src=\"http:\/\/elveracruzano.vip\/wp-content\/uploads\/2022\/02\/coa2-1.jpg\" alt=\"\" class=\"wp-image-1084\" width=\"584\" height=\"291\" srcset=\"https:\/\/elveracruzano.vip\/wp-content\/uploads\/2022\/02\/coa2-1.jpg 900w, https:\/\/elveracruzano.vip\/wp-content\/uploads\/2022\/02\/coa2-1-300x149.jpg 300w, https:\/\/elveracruzano.vip\/wp-content\/uploads\/2022\/02\/coa2-1-768x382.jpg 768w, https:\/\/elveracruzano.vip\/wp-content\/uploads\/2022\/02\/coa2-1-600x299.jpg 600w\" sizes=\"auto, (max-width: 584px) 100vw, 584px\" \/><\/figure><\/div>\n\n\n\n<p class=\"wp-block-paragraph\"><strong>#ElVeracruzanoVip<\/strong><\/p>\n","protected":false},"excerpt":{"rendered":"<p>#Coatepec, #Ver.- El municipio de Coatepec, mantiene su compromiso en que los servidores p\u00fablicos brinden atenci\u00f3n de calidad a los<\/p>\n","protected":false},"author":4,"featured_media":1083,"comment_status":"open","ping_status":"open","sticky":false,"template":"","format":"standard","meta":{"colormag_page_container_layout":"default_layout","colormag_page_sidebar_layout":"default_layout","rop_custom_images_group":[],"rop_custom_messages_group":[],"rop_publish_now":"initial","rop_publish_now_accounts":{"facebook_109133384920963_108472061465099":""},"rop_publish_now_history":[],"rop_publish_now_status":"pending","footnotes":""},"categories":[10],"tags":[50,26,20,18,83,73,19,21,23,22],"class_list":["post-1082","post","type-post","status-publish","format-standard","has-post-thumbnail","hentry","category-municipios","tag-dif-coatepec","tag-el-veracruzano-vip","tag-enterate","tag-gobierno-del-estado-de-veracruz","tag-gobierno-municipal-de-coatepec","tag-raymundo-andrade-rivera","tag-redes-sociales","tag-ultima-hora","tag-ultimas-noticias","tag-ultimo-minuto"],"_links":{"self":[{"href":"https:\/\/elveracruzano.vip\/index.php?rest_route=\/wp\/v2\/posts\/1082","targetHints":{"allow":["GET"]}}],"collection":[{"href":"https:\/\/elveracruzano.vip\/index.php?rest_route=\/wp\/v2\/posts"}],"about":[{"href":"https:\/\/elveracruzano.vip\/index.php?rest_route=\/wp\/v2\/types\/post"}],"author":[{"embeddable":true,"href":"https:\/\/elveracruzano.vip\/index.php?rest_route=\/wp\/v2\/users\/4"}],"replies":[{"embeddable":true,"href":"https:\/\/elveracruzano.vip\/index.php?rest_route=%2Fwp%2Fv2%2Fcomments&post=1082"}],"version-history":[{"count":1,"href":"https:\/\/elveracruzano.vip\/index.php?rest_route=\/wp\/v2\/posts\/1082\/revisions"}],"predecessor-version":[{"id":1085,"href":"https:\/\/elveracruzano.vip\/index.php?rest_route=\/wp\/v2\/posts\/1082\/revisions\/1085"}],"wp:featuredmedia":[{"embeddable":true,"href":"https:\/\/elveracruzano.vip\/index.php?rest_route=\/wp\/v2\/media\/1083"}],"wp:attachment":[{"href":"https:\/\/elveracruzano.vip\/index.php?rest_route=%2Fwp%2Fv2%2Fmedia&parent=1082"}],"wp:term":[{"taxonomy":"category","embeddable":true,"href":"https:\/\/elveracruzano.vip\/index.php?rest_route=%2Fwp%2Fv2%2Fcategories&post=1082"},{"taxonomy":"post_tag","embeddable":true,"href":"https:\/\/elveracruzano.vip\/index.php?rest_route=%2Fwp%2Fv2%2Ftags&post=1082"}],"curies":[{"name":"wp","href":"https:\/\/api.w.org\/{rel}","templated":true}]}}