{"id":1028,"date":"2022-02-03T11:54:33","date_gmt":"2022-02-03T17:54:33","guid":{"rendered":"http:\/\/elveracruzano.vip\/?p=1028"},"modified":"2022-02-03T12:16:37","modified_gmt":"2022-02-03T18:16:37","slug":"visitamos-gobernador-de-veracruz-cuitlahuac-garcia-ixhuatlan-de-madero-con-el-fin-de-llevar-brigadas-itinerantes-del-registro-civil%ef%bf%bc","status":"publish","type":"post","link":"https:\/\/elveracruzano.vip\/?p=1028","title":{"rendered":"Visita el gobernador de Veracruz, Cuitl\u00e1huac Garc\u00eda, Ixhuatl\u00e1n de Madero, con el fin de llevar brigadas itinerantes del registro civil"},"content":{"rendered":"\n<p><strong>#GobiernoDeVeracruz<\/strong>.- Como parte de nuestra gira por la Huasteca Veracruzana, visitamos el municipio de Ixhuatl\u00e1n de Madero, donde llevamos las brigadas itinerantes del registro civil, con las que brindamos certeza jur\u00eddica a cientos de adultos mayores y personas vulnerables, que por fin podr\u00e1n acceder a programas sociales y servicios. Fueron ignorados por d\u00e9cadas por los gobiernos neoliberales y con el gobierno de la Cuarta Transformaci\u00f3n por fin se les hace justicia social. <strong>#Cuitl\u00e1huacGarc\u00eda<\/strong><\/p>\n\n\n\n<div class=\"wp-block-image\"><figure class=\"aligncenter size-full is-resized\"><img loading=\"lazy\" decoding=\"async\" src=\"http:\/\/elveracruzano.vip\/wp-content\/uploads\/2022\/02\/desta2.jpg\" alt=\"\" class=\"wp-image-1029\" width=\"528\" height=\"352\" srcset=\"https:\/\/elveracruzano.vip\/wp-content\/uploads\/2022\/02\/desta2.jpg 1024w, https:\/\/elveracruzano.vip\/wp-content\/uploads\/2022\/02\/desta2-300x200.jpg 300w, https:\/\/elveracruzano.vip\/wp-content\/uploads\/2022\/02\/desta2-768x512.jpg 768w, https:\/\/elveracruzano.vip\/wp-content\/uploads\/2022\/02\/desta2-600x400.jpg 600w\" sizes=\"auto, (max-width: 528px) 100vw, 528px\" \/><\/figure><\/div>\n\n\n\n<p><strong>#ElVeracruzanoVip<\/strong><\/p>\n","protected":false},"excerpt":{"rendered":"<p>#GobiernoDeVeracruz.- Como parte de nuestra gira por la Huasteca Veracruzana, visitamos el municipio de Ixhuatl\u00e1n de Madero, donde llevamos las<\/p>\n","protected":false},"author":4,"featured_media":1030,"comment_status":"open","ping_status":"open","sticky":false,"template":"","format":"standard","meta":{"colormag_page_container_layout":"default_layout","colormag_page_sidebar_layout":"default_layout","rop_custom_images_group":[],"rop_custom_messages_group":[],"rop_publish_now":"initial","rop_publish_now_accounts":{"facebook_109133384920963_108472061465099":""},"rop_publish_now_history":[],"rop_publish_now_status":"pending","footnotes":""},"categories":[13],"tags":[17,26,20,18,19,84,21,23,22],"class_list":["post-1028","post","type-post","status-publish","format-standard","has-post-thumbnail","hentry","category-principales","tag-cuitlahuac-garcia-jimenez","tag-el-veracruzano-vip","tag-enterate","tag-gobierno-del-estado-de-veracruz","tag-redes-sociales","tag-secretaria-de-proteccion-civil-del-estado-de-veracruz","tag-ultima-hora","tag-ultimas-noticias","tag-ultimo-minuto"],"_links":{"self":[{"href":"https:\/\/elveracruzano.vip\/index.php?rest_route=\/wp\/v2\/posts\/1028","targetHints":{"allow":["GET"]}}],"collection":[{"href":"https:\/\/elveracruzano.vip\/index.php?rest_route=\/wp\/v2\/posts"}],"about":[{"href":"https:\/\/elveracruzano.vip\/index.php?rest_route=\/wp\/v2\/types\/post"}],"author":[{"embeddable":true,"href":"https:\/\/elveracruzano.vip\/index.php?rest_route=\/wp\/v2\/users\/4"}],"replies":[{"embeddable":true,"href":"https:\/\/elveracruzano.vip\/index.php?rest_route=%2Fwp%2Fv2%2Fcomments&post=1028"}],"version-history":[{"count":3,"href":"https:\/\/elveracruzano.vip\/index.php?rest_route=\/wp\/v2\/posts\/1028\/revisions"}],"predecessor-version":[{"id":1059,"href":"https:\/\/elveracruzano.vip\/index.php?rest_route=\/wp\/v2\/posts\/1028\/revisions\/1059"}],"wp:featuredmedia":[{"embeddable":true,"href":"https:\/\/elveracruzano.vip\/index.php?rest_route=\/wp\/v2\/media\/1030"}],"wp:attachment":[{"href":"https:\/\/elveracruzano.vip\/index.php?rest_route=%2Fwp%2Fv2%2Fmedia&parent=1028"}],"wp:term":[{"taxonomy":"category","embeddable":true,"href":"https:\/\/elveracruzano.vip\/index.php?rest_route=%2Fwp%2Fv2%2Fcategories&post=1028"},{"taxonomy":"post_tag","embeddable":true,"href":"https:\/\/elveracruzano.vip\/index.php?rest_route=%2Fwp%2Fv2%2Ftags&post=1028"}],"curies":[{"name":"wp","href":"https:\/\/api.w.org\/{rel}","templated":true}]}}