{"id":1005,"date":"2022-02-02T16:02:00","date_gmt":"2022-02-02T22:02:00","guid":{"rendered":"http:\/\/elveracruzano.vip\/?p=1005"},"modified":"2022-02-02T12:03:56","modified_gmt":"2022-02-02T18:03:56","slug":"en-conjunto-a-la-secretaria-de-trabajo-invita-veracruz-al-programa-de-apoyo-al-empleo","status":"publish","type":"post","link":"https:\/\/elveracruzano.vip\/?p=1005","title":{"rendered":"En conjunto a la Secretar\u00eda de Trabajo, invita Veracruz al Programa de Apoyo al Empleo"},"content":{"rendered":"\n<p><strong>#GobiernoDeVeracruz<\/strong>.- La Secretar\u00eda de Trabajo, Previsi\u00f3n Social y Productividad, en coordinaci\u00f3n con el Servicio Nacional de Empleo (SNE), pone a disposici\u00f3n de la ciudadan\u00eda el Programa de Apoyo al Empleo que tendr\u00e1 vigencia todo el a\u00f1o y permitir\u00e1 vincular a solicitantes con empresas que requieren capital humano.<\/p>\n\n\n\n<p>Para ello cuenta con los subprogramas Intermediaci\u00f3n Laboral y Movilidad Laboral, adem\u00e1s de la estrategia&nbsp;<em>Abriendo espacios<\/em>, que tiene mayor \u00e9nfasis en los grupos vulnerables y con m\u00e1s barreras en los procesos de b\u00fasqueda como personas con discapacidad, adultos mayores, migrantes o refugiados y comunidades ind\u00edgenas.<\/p>\n\n\n\n<p>Lo anterior, mediante ferias, bolsa de trabajo, portal electr\u00f3nico e intercambio nacional o internacional en diversos sectores, otorgando al aspirante la asistencia de un consejero y a la iniciativa privada la promoci\u00f3n de sus vacantes y la identificaci\u00f3n del recurso humano, todo de forma gratuita, \u00e1gil y eficiente.<\/p>\n\n\n\n<p>Los interesados pueden presentarse en las unidades regionales del SNE ubicadas en Boca del R\u00edo, Coatzacoalcos, C\u00f3rdoba, P\u00e1nuco, Poza Rica y Xalapa, donde entregar\u00e1n su CURP y har\u00e1n su registro; mientras que los empresarios deben contar con RFC o CURP en caso de ser personas f\u00edsicas, as\u00ed como estar dados de alta en el Servicio Nacional de Empleo.<\/p>\n\n\n\n<p><strong>#ElVeracruzanoVip<\/strong><\/p>\n","protected":false},"excerpt":{"rendered":"<p>#GobiernoDeVeracruz.- La Secretar\u00eda de Trabajo, Previsi\u00f3n Social y Productividad, en coordinaci\u00f3n con el Servicio Nacional de Empleo (SNE), pone a<\/p>\n","protected":false},"author":4,"featured_media":1006,"comment_status":"open","ping_status":"open","sticky":false,"template":"","format":"standard","meta":{"colormag_page_container_layout":"default_layout","colormag_page_sidebar_layout":"default_layout","rop_custom_images_group":[],"rop_custom_messages_group":[],"rop_publish_now":"initial","rop_publish_now_accounts":{"facebook_109133384920963_108472061465099":""},"rop_publish_now_history":[],"rop_publish_now_status":"pending","footnotes":""},"categories":[16],"tags":[17,26,20,18,19,84,21,23,22],"class_list":["post-1005","post","type-post","status-publish","format-standard","has-post-thumbnail","hentry","category-ultima-hora","tag-cuitlahuac-garcia-jimenez","tag-el-veracruzano-vip","tag-enterate","tag-gobierno-del-estado-de-veracruz","tag-redes-sociales","tag-secretaria-de-proteccion-civil-del-estado-de-veracruz","tag-ultima-hora","tag-ultimas-noticias","tag-ultimo-minuto"],"_links":{"self":[{"href":"https:\/\/elveracruzano.vip\/index.php?rest_route=\/wp\/v2\/posts\/1005","targetHints":{"allow":["GET"]}}],"collection":[{"href":"https:\/\/elveracruzano.vip\/index.php?rest_route=\/wp\/v2\/posts"}],"about":[{"href":"https:\/\/elveracruzano.vip\/index.php?rest_route=\/wp\/v2\/types\/post"}],"author":[{"embeddable":true,"href":"https:\/\/elveracruzano.vip\/index.php?rest_route=\/wp\/v2\/users\/4"}],"replies":[{"embeddable":true,"href":"https:\/\/elveracruzano.vip\/index.php?rest_route=%2Fwp%2Fv2%2Fcomments&post=1005"}],"version-history":[{"count":1,"href":"https:\/\/elveracruzano.vip\/index.php?rest_route=\/wp\/v2\/posts\/1005\/revisions"}],"predecessor-version":[{"id":1007,"href":"https:\/\/elveracruzano.vip\/index.php?rest_route=\/wp\/v2\/posts\/1005\/revisions\/1007"}],"wp:featuredmedia":[{"embeddable":true,"href":"https:\/\/elveracruzano.vip\/index.php?rest_route=\/wp\/v2\/media\/1006"}],"wp:attachment":[{"href":"https:\/\/elveracruzano.vip\/index.php?rest_route=%2Fwp%2Fv2%2Fmedia&parent=1005"}],"wp:term":[{"taxonomy":"category","embeddable":true,"href":"https:\/\/elveracruzano.vip\/index.php?rest_route=%2Fwp%2Fv2%2Fcategories&post=1005"},{"taxonomy":"post_tag","embeddable":true,"href":"https:\/\/elveracruzano.vip\/index.php?rest_route=%2Fwp%2Fv2%2Ftags&post=1005"}],"curies":[{"name":"wp","href":"https:\/\/api.w.org\/{rel}","templated":true}]}}