{"id":9334,"date":"2025-12-29T13:47:27","date_gmt":"2025-12-29T19:47:27","guid":{"rendered":"https:\/\/elveracruzano.vip\/?p=9334"},"modified":"2025-12-29T13:47:27","modified_gmt":"2025-12-29T19:47:27","slug":"claudia-sheinbaum-anuncia-el-fin-de-dieciocho-anos-de-conflicto-minero-y-la-construccion-de-plantas-potabilizadoras-claudiashein-gobiernomx","status":"publish","type":"post","link":"http:\/\/elveracruzano.vip\/?p=9334","title":{"rendered":"Claudia Sheinbaum anuncia el fin de dieciocho a\u00f1os de conflicto minero y la construcci\u00f3n de plantas potabilizadoras \/ @Claudiashein @GobiernoMX >>>"},"content":{"rendered":"\n<p><strong>#SheinbaumCumple<\/strong> <strong>#MinerosEnLucha<\/strong> &#8212;&#8211; <strong>#GobiernoFederal<\/strong>,&nbsp;<strong>#M\u00e9xico<\/strong>.- Tras una hist\u00f3rica par\u00e1lisis de dieciocho a\u00f1os, el Gobierno de M\u00e9xico ha consolidado un acuerdo estrat\u00e9gico que redefine el bienestar social en Sonora. La Presidenta <strong>Claudia Sheinbaum Pardo<\/strong> anunci\u00f3 el despliegue del <strong>Plan de Justicia para Cananea<\/strong>, una iniciativa integral que comenzar\u00e1 su ejecuci\u00f3n f\u00edsica en <strong>\u201cenero de 2026\u201d<\/strong>. Este proyecto no solo simboliza el fin de un conflicto laboral prolongado, sino que representa una <strong>\u201creparaci\u00f3n hist\u00f3rica y ambiental\u201d<\/strong> para miles de familias que habitan la cuenca del r\u00edo.<\/p>\n\n\n\n<p>La Secretaria de Gobernaci\u00f3n, <strong>Rosa Icela Rodr\u00edguez<\/strong>, confirm\u00f3 que la resoluci\u00f3n del conflicto con la <strong>Secci\u00f3n 65 del Sindicato Minero<\/strong> permitir\u00e1 liberar una inversi\u00f3n conjunta de <strong>2 mil 222.6 millones de pesos<\/strong>. Estos recursos, aportados por el Estado y la iniciativa privada, se destinar\u00e1n a robustecer la infraestructura h\u00eddrica y de salud en la regi\u00f3n. El compromiso estatal busca garantizar que el desarrollo econ\u00f3mico no vuelva a estar re\u00f1ido con la <strong>\u201cdignidad humana y el respeto al entorno\u201d<\/strong>.<\/p>\n\n\n\n<p>Por su parte, la funcionaria <strong>Alicia B\u00e1rcena Ibarra<\/strong> detall\u00f3 que se construir\u00e1n <strong>diecis\u00e9is plantas potabilizadoras<\/strong> y el nuevo <strong>Hospital Regional de Ures<\/strong>. Estas obras son fundamentales para resarcir los da\u00f1os del derrame ocurrido en 2014, el cual afect\u00f3 la salud y el suministro de agua de <strong>\u201cveinte mil personas\u201d<\/strong>. Se establecer\u00e1n sistemas de vigilancia epidemiol\u00f3gica y laboratorios especializados para monitorear permanentemente la presencia de metales pesados en los sedimentos.<\/p>\n\n\n\n<p>Finalmente, el Ejecutivo Federal reafirm\u00f3 que la meta es concluir la <strong>\u201ctotalidad de las obras para finales de 2026\u201d<\/strong>. Con estas acciones, se pretende sanear definitivamente la cuenca Bacanuchi-r\u00edo Sonora y devolver la certidumbre a las comunidades afectadas. El proceso de <strong>\u201cremediaci\u00f3n ambiental y justicia social\u201d<\/strong> se mantendr\u00e1 bajo estricta supervisi\u00f3n p\u00fablica.<\/p>\n\n\n\n<p><strong>#ElVeracruzanoVIP\u00a0<\/strong>\u2013\u00a0<a href=\"https:\/\/www.facebook.com\/ElVeracruzanoVIP\/\">El Veracruzano VIP<\/a><\/p>\n\n\n\n<figure class=\"wp-block-image aligncenter size-full\"><img loading=\"lazy\" decoding=\"async\" width=\"650\" height=\"400\" src=\"http:\/\/elveracruzano.vip\/wp-content\/uploads\/2025\/12\/clau-0-1.png\" alt=\"\" class=\"wp-image-9335\" srcset=\"http:\/\/elveracruzano.vip\/wp-content\/uploads\/2025\/12\/clau-0-1.png 650w, http:\/\/elveracruzano.vip\/wp-content\/uploads\/2025\/12\/clau-0-1-300x185.png 300w\" sizes=\"auto, (max-width: 650px) 100vw, 650px\" \/><\/figure>\n","protected":false},"excerpt":{"rendered":"<p>#SheinbaumCumple #MinerosEnLucha &#8212;&#8211; #GobiernoFederal,&nbsp;#M\u00e9xico.- Tras una hist\u00f3rica par\u00e1lisis de dieciocho a\u00f1os, el Gobierno de M\u00e9xico ha consolidado un acuerdo estrat\u00e9gico<\/p>\n","protected":false},"author":4,"featured_media":9335,"comment_status":"open","ping_status":"open","sticky":false,"template":"","format":"standard","meta":{"colormag_page_container_layout":"default_layout","colormag_page_sidebar_layout":"default_layout","rop_custom_images_group":[],"rop_custom_messages_group":[],"rop_publish_now":"no","rop_publish_now_accounts":{"facebook_109133384920963_108472061465099":""},"rop_publish_now_history":[{"account":"facebook_109133384920963_108472061465099","service":"facebook","timestamp":1767037679,"status":"success"}],"rop_publish_now_status":"done","footnotes":""},"categories":[13],"tags":[112,27,26,20,18,136,19,113,126,130,100,97,91,84,21,23,22,150],"class_list":["post-9334","post","type-post","status-publish","format-standard","has-post-thumbnail","hentry","category-principales","tag-claudia-sheinbaum-pardo","tag-dif-estatal-veracruz-oficial","tag-el-veracruzano-vip","tag-enterate","tag-gobierno-del-estado-de-veracruz","tag-noticias-veracruz","tag-redes-sociales","tag-rocio-nahle-garcia","tag-secretaria-de-bienestar","tag-secretaria-de-cultura","tag-secretaria-de-economia","tag-secretaria-de-educacion-publica","tag-secretaria-de-educacion-veracruz","tag-secretaria-de-proteccion-civil-del-estado-de-veracruz","tag-ultima-hora","tag-ultimas-noticias","tag-ultimo-minuto","tag-veracruz-news"],"_links":{"self":[{"href":"http:\/\/elveracruzano.vip\/index.php?rest_route=\/wp\/v2\/posts\/9334","targetHints":{"allow":["GET"]}}],"collection":[{"href":"http:\/\/elveracruzano.vip\/index.php?rest_route=\/wp\/v2\/posts"}],"about":[{"href":"http:\/\/elveracruzano.vip\/index.php?rest_route=\/wp\/v2\/types\/post"}],"author":[{"embeddable":true,"href":"http:\/\/elveracruzano.vip\/index.php?rest_route=\/wp\/v2\/users\/4"}],"replies":[{"embeddable":true,"href":"http:\/\/elveracruzano.vip\/index.php?rest_route=%2Fwp%2Fv2%2Fcomments&post=9334"}],"version-history":[{"count":1,"href":"http:\/\/elveracruzano.vip\/index.php?rest_route=\/wp\/v2\/posts\/9334\/revisions"}],"predecessor-version":[{"id":9336,"href":"http:\/\/elveracruzano.vip\/index.php?rest_route=\/wp\/v2\/posts\/9334\/revisions\/9336"}],"wp:featuredmedia":[{"embeddable":true,"href":"http:\/\/elveracruzano.vip\/index.php?rest_route=\/wp\/v2\/media\/9335"}],"wp:attachment":[{"href":"http:\/\/elveracruzano.vip\/index.php?rest_route=%2Fwp%2Fv2%2Fmedia&parent=9334"}],"wp:term":[{"taxonomy":"category","embeddable":true,"href":"http:\/\/elveracruzano.vip\/index.php?rest_route=%2Fwp%2Fv2%2Fcategories&post=9334"},{"taxonomy":"post_tag","embeddable":true,"href":"http:\/\/elveracruzano.vip\/index.php?rest_route=%2Fwp%2Fv2%2Ftags&post=9334"}],"curies":[{"name":"wp","href":"https:\/\/api.w.org\/{rel}","templated":true}]}}