{"id":8948,"date":"2025-08-07T17:13:20","date_gmt":"2025-08-07T23:13:20","guid":{"rendered":"https:\/\/elveracruzano.vip\/?p=8948"},"modified":"2025-08-07T17:13:20","modified_gmt":"2025-08-07T23:13:20","slug":"plan-mexico-industria-farmaceutica-invertira-12-mil-250-mdp-claudiashein-gobiernomx","status":"publish","type":"post","link":"http:\/\/elveracruzano.vip\/?p=8948","title":{"rendered":"Plan M\u00e9xico: Industria farmac\u00e9utica invertir\u00e1 12 mil 250 mdp \/  @Claudiashein @GobiernoMX >>>"},"content":{"rendered":"\n<p><strong>#GobiernoDeM\u00e9xico.-<\/strong> El Gobierno de M\u00e9xico, a trav\u00e9s de la Secretar\u00eda de Econom\u00eda y de la Secretar\u00eda de Salud, anunci\u00f3, como parte del\u00a0Plan M\u00e9xico, una inversi\u00f3n de\u00a012 mil 250 millones de pesos\u00a0(mdp) por parte de cuatro empresas de la industria farmac\u00e9utica: Boehringer Ingelheim, 3 mil 500 mdp; Carnot Laboratorios, 3 mil 500 mdp; Bayer, 3 mil mdp y AstraZeneca, 2 mil 250 mdp, las cuales generar\u00e1n 3 mil 120 empleos directos altamente especializados y 22 mil 500 empleos indirectos.<\/p>\n\n\n\n<p>Adem\u00e1s, se inform\u00f3 que se establece el primer Polo de Desarrollo Econ\u00f3mico para el Bienestar (PODECOBI) \u201cParque Industrial Baj\u00edo\u201d, en Zinap\u00e9cuaro, Michoac\u00e1n con 346 hect\u00e1reas, el cual ya cuenta con sus primeros inversionistas: Citelis y Artifibras; lo que representa una inversi\u00f3n p\u00fablico-privada, en su primera etapa, de m\u00e1s de mil mdp.<\/p>\n\n\n\n<p>La Presidenta de M\u00e9xico, Claudia Sheinbaum Pardo, destac\u00f3 que el anuncio de las inversiones demuestra que el Plan M\u00e9xico va viento en popa y da inicio al impulso del desarrollo con bienestar en todo el pa\u00eds.<\/p>\n\n\n\n<p>\u201cInversi\u00f3n muy importante de 12 mil mdp de la industria farmac\u00e9utica para la producci\u00f3n y desarrollo de investigaci\u00f3n en nuestro pa\u00eds, vinculado con la industria farmac\u00e9utica, es parte del Plan M\u00e9xico, como lo planteamos y al mismo tiempo pues much\u00edsimo gusto de anunciar el primer Polo de Desarrollo para el Bienestar en Michoac\u00e1n que ya tiene inversionistas que est\u00e1n comprometidos e inicia ya esta fase de impulso de Desarrollo con Bienestar en nuestro pa\u00eds\u201d, destac\u00f3 en la conferencia matutina: \u201cLas ma\u00f1aneras del pueblo\u201d.<\/p>\n\n\n\n<p><strong>#ElVeracruzanoVIP <\/strong>\u2013\u00a0<strong><ins>&#8211; <\/ins><\/strong><a href=\"https:\/\/www.facebook.com\/ElVeracruzanoVIP\/\">El Veracruzano VIP<\/a><\/p>\n","protected":false},"excerpt":{"rendered":"<p>#GobiernoDeM\u00e9xico.- El Gobierno de M\u00e9xico, a trav\u00e9s de la Secretar\u00eda de Econom\u00eda y de la Secretar\u00eda de Salud, anunci\u00f3, como<\/p>\n","protected":false},"author":4,"featured_media":8949,"comment_status":"open","ping_status":"open","sticky":false,"template":"","format":"standard","meta":{"colormag_page_container_layout":"default_layout","colormag_page_sidebar_layout":"default_layout","rop_custom_images_group":[],"rop_custom_messages_group":[],"rop_publish_now":"no","rop_publish_now_accounts":{"facebook_109133384920963_108472061465099":""},"rop_publish_now_history":[{"account":"facebook_109133384920963_108472061465099","service":"facebook","timestamp":1754608427,"status":"success"}],"rop_publish_now_status":"done","footnotes":""},"categories":[13],"tags":[112,20,29,19,21],"class_list":["post-8948","post","type-post","status-publish","format-standard","has-post-thumbnail","hentry","category-principales","tag-claudia-sheinbaum-pardo","tag-enterate","tag-gobierno-de-mexico","tag-redes-sociales","tag-ultima-hora"],"_links":{"self":[{"href":"http:\/\/elveracruzano.vip\/index.php?rest_route=\/wp\/v2\/posts\/8948","targetHints":{"allow":["GET"]}}],"collection":[{"href":"http:\/\/elveracruzano.vip\/index.php?rest_route=\/wp\/v2\/posts"}],"about":[{"href":"http:\/\/elveracruzano.vip\/index.php?rest_route=\/wp\/v2\/types\/post"}],"author":[{"embeddable":true,"href":"http:\/\/elveracruzano.vip\/index.php?rest_route=\/wp\/v2\/users\/4"}],"replies":[{"embeddable":true,"href":"http:\/\/elveracruzano.vip\/index.php?rest_route=%2Fwp%2Fv2%2Fcomments&post=8948"}],"version-history":[{"count":1,"href":"http:\/\/elveracruzano.vip\/index.php?rest_route=\/wp\/v2\/posts\/8948\/revisions"}],"predecessor-version":[{"id":8950,"href":"http:\/\/elveracruzano.vip\/index.php?rest_route=\/wp\/v2\/posts\/8948\/revisions\/8950"}],"wp:featuredmedia":[{"embeddable":true,"href":"http:\/\/elveracruzano.vip\/index.php?rest_route=\/wp\/v2\/media\/8949"}],"wp:attachment":[{"href":"http:\/\/elveracruzano.vip\/index.php?rest_route=%2Fwp%2Fv2%2Fmedia&parent=8948"}],"wp:term":[{"taxonomy":"category","embeddable":true,"href":"http:\/\/elveracruzano.vip\/index.php?rest_route=%2Fwp%2Fv2%2Fcategories&post=8948"},{"taxonomy":"post_tag","embeddable":true,"href":"http:\/\/elveracruzano.vip\/index.php?rest_route=%2Fwp%2Fv2%2Ftags&post=8948"}],"curies":[{"name":"wp","href":"https:\/\/api.w.org\/{rel}","templated":true}]}}