{"id":860,"date":"2022-01-27T12:44:49","date_gmt":"2022-01-27T18:44:49","guid":{"rendered":"http:\/\/elveracruzano.vip\/?p=860"},"modified":"2022-01-27T12:45:00","modified_gmt":"2022-01-27T18:45:00","slug":"conmemora-juan-manuel-unanue-34-aniversario-de-boca-del-rio","status":"publish","type":"post","link":"http:\/\/elveracruzano.vip\/?p=860","title":{"rendered":"Conmemora  Juan Manuel Unanue, 34 aniversario de Boca del R\u00edo"},"content":{"rendered":"\n<p><strong>#BocaDelR\u00edo<\/strong>, <strong>#Ver<\/strong>.- \u00abCelebramos el 34 aniversario de Boca del R\u00edo y lo hacemos reafirmando nuestro compromiso de trabajar sin descanso para que todo boque\u00f1o disfrute de los beneficios de vivir en la mejor ciudad de Veracruz. La grandeza de Boca del R\u00edo no se mide por su antig\u00fcedad ni por su tama\u00f1o territorial, sino por el valor de su gente\u00bb. <strong>#JuanManuelUnanue<\/strong><\/p>\n\n\n\n<div class=\"wp-block-image\"><figure class=\"aligncenter size-large is-resized\"><img loading=\"lazy\" decoding=\"async\" src=\"http:\/\/elveracruzano.vip\/wp-content\/uploads\/2022\/01\/boca2-4-1024x682.jpg\" alt=\"\" class=\"wp-image-861\" width=\"571\" height=\"380\"\/><\/figure><\/div>\n\n\n\n<p><strong>#ElVeracruzanoVip<\/strong><\/p>\n","protected":false},"excerpt":{"rendered":"<p>#BocaDelR\u00edo, #Ver.- \u00abCelebramos el 34 aniversario de Boca del R\u00edo y lo hacemos reafirmando nuestro compromiso de trabajar sin descanso<\/p>\n","protected":false},"author":4,"featured_media":0,"comment_status":"open","ping_status":"open","sticky":false,"template":"","format":"standard","meta":{"colormag_page_container_layout":"default_layout","colormag_page_sidebar_layout":"default_layout","rop_custom_images_group":[],"rop_custom_messages_group":[],"rop_publish_now":"initial","rop_publish_now_accounts":{"facebook_109133384920963_108472061465099":""},"rop_publish_now_history":[],"rop_publish_now_status":"pending","footnotes":""},"categories":[11],"tags":[35,17,76,26,20,18,34,19,21,23,22],"class_list":["post-860","post","type-post","status-publish","format-standard","hentry","category-municipios-destacados","tag-boca-del-rio","tag-cuitlahuac-garcia-jimenez","tag-dif-boca-del-rio","tag-el-veracruzano-vip","tag-enterate","tag-gobierno-del-estado-de-veracruz","tag-juan-manuel-unanue","tag-redes-sociales","tag-ultima-hora","tag-ultimas-noticias","tag-ultimo-minuto"],"_links":{"self":[{"href":"http:\/\/elveracruzano.vip\/index.php?rest_route=\/wp\/v2\/posts\/860","targetHints":{"allow":["GET"]}}],"collection":[{"href":"http:\/\/elveracruzano.vip\/index.php?rest_route=\/wp\/v2\/posts"}],"about":[{"href":"http:\/\/elveracruzano.vip\/index.php?rest_route=\/wp\/v2\/types\/post"}],"author":[{"embeddable":true,"href":"http:\/\/elveracruzano.vip\/index.php?rest_route=\/wp\/v2\/users\/4"}],"replies":[{"embeddable":true,"href":"http:\/\/elveracruzano.vip\/index.php?rest_route=%2Fwp%2Fv2%2Fcomments&post=860"}],"version-history":[{"count":2,"href":"http:\/\/elveracruzano.vip\/index.php?rest_route=\/wp\/v2\/posts\/860\/revisions"}],"predecessor-version":[{"id":864,"href":"http:\/\/elveracruzano.vip\/index.php?rest_route=\/wp\/v2\/posts\/860\/revisions\/864"}],"wp:attachment":[{"href":"http:\/\/elveracruzano.vip\/index.php?rest_route=%2Fwp%2Fv2%2Fmedia&parent=860"}],"wp:term":[{"taxonomy":"category","embeddable":true,"href":"http:\/\/elveracruzano.vip\/index.php?rest_route=%2Fwp%2Fv2%2Fcategories&post=860"},{"taxonomy":"post_tag","embeddable":true,"href":"http:\/\/elveracruzano.vip\/index.php?rest_route=%2Fwp%2Fv2%2Ftags&post=860"}],"curies":[{"name":"wp","href":"https:\/\/api.w.org\/{rel}","templated":true}]}}