{"id":8590,"date":"2025-03-07T19:40:05","date_gmt":"2025-03-08T01:40:05","guid":{"rendered":"https:\/\/elveracruzano.vip\/?p=8590"},"modified":"2025-03-07T19:40:06","modified_gmt":"2025-03-08T01:40:06","slug":"boca-del-rio-logros-deportivos-destacados-jm_unanue-_bocadelrio","status":"publish","type":"post","link":"http:\/\/elveracruzano.vip\/?p=8590","title":{"rendered":"Boca del R\u00edo: Logros Deportivos Destacados \/ @JM_UNANUE @_BocadelRio >>>"},"content":{"rendered":"\n<p><strong>#BocaDelR\u00edo, #Ver.-<\/strong> El Alcalde de Boca del R\u00edo, Juan Manuel Unanue, ha destacado recientemente el esfuerzo y dedicaci\u00f3n de los talentosos atletas de la ciudad, quienes siguen poniendo en alto el nombre de la localidad a nivel nacional e internacional. Con su compromiso y disciplina, los deportistas boque\u00f1os contin\u00faan dejando huella en distintas competiciones deportivas.<\/p>\n\n\n\n<p>Uno de los logros m\u00e1s recientes fue el de Alejandro C\u00e1rdenas Rifka, quien alcanz\u00f3 su mejor marca en la Copa Nuevo Le\u00f3n, logrando colocarse como el segundo mejor del mundo en su categor\u00eda juvenil. Este resultado no solo resalta el nivel de preparaci\u00f3n de Alejandro, sino tambi\u00e9n el potencial de los atletas de Boca del R\u00edo en diversas disciplinas.<\/p>\n\n\n\n<p>Adem\u00e1s, Jatziri Torales y Jonathan Padilla, dos destacados atletas de alto rendimiento que entrenan en la Unidad Deportiva Hugo S\u00e1nchez, se llevaron los primeros lugares en los Juegos Deportivos Ciudad de M\u00e9xico 2025. Estos \u00e9xitos son testimonio del arduo trabajo de los deportistas boque\u00f1os y del apoyo constante que reciben desde su ciudad para seguir alcanzando nuevas metas.<\/p>\n\n\n\n<p><strong>#ElVeracruzanoVIP <\/strong>\u2013\u00a0<strong><ins>&#8211; <\/ins><\/strong><a href=\"https:\/\/www.facebook.com\/ElVeracruzanoVIP\/\">El Veracruzano VIP<\/a><\/p>\n","protected":false},"excerpt":{"rendered":"<p>#BocaDelR\u00edo, #Ver.- El Alcalde de Boca del R\u00edo, Juan Manuel Unanue, ha destacado recientemente el esfuerzo y dedicaci\u00f3n de los<\/p>\n","protected":false},"author":4,"featured_media":8591,"comment_status":"open","ping_status":"open","sticky":false,"template":"","format":"standard","meta":{"colormag_page_container_layout":"default_layout","colormag_page_sidebar_layout":"default_layout","rop_custom_images_group":[],"rop_custom_messages_group":[],"rop_publish_now":"yes","rop_publish_now_accounts":{"facebook_109133384920963_108472061465099":""},"rop_publish_now_history":[],"rop_publish_now_status":"pending","footnotes":""},"categories":[11],"tags":[35,20,34,19,21],"class_list":["post-8590","post","type-post","status-publish","format-standard","has-post-thumbnail","hentry","category-municipios-destacados","tag-boca-del-rio","tag-enterate","tag-juan-manuel-unanue","tag-redes-sociales","tag-ultima-hora"],"_links":{"self":[{"href":"http:\/\/elveracruzano.vip\/index.php?rest_route=\/wp\/v2\/posts\/8590","targetHints":{"allow":["GET"]}}],"collection":[{"href":"http:\/\/elveracruzano.vip\/index.php?rest_route=\/wp\/v2\/posts"}],"about":[{"href":"http:\/\/elveracruzano.vip\/index.php?rest_route=\/wp\/v2\/types\/post"}],"author":[{"embeddable":true,"href":"http:\/\/elveracruzano.vip\/index.php?rest_route=\/wp\/v2\/users\/4"}],"replies":[{"embeddable":true,"href":"http:\/\/elveracruzano.vip\/index.php?rest_route=%2Fwp%2Fv2%2Fcomments&post=8590"}],"version-history":[{"count":1,"href":"http:\/\/elveracruzano.vip\/index.php?rest_route=\/wp\/v2\/posts\/8590\/revisions"}],"predecessor-version":[{"id":8592,"href":"http:\/\/elveracruzano.vip\/index.php?rest_route=\/wp\/v2\/posts\/8590\/revisions\/8592"}],"wp:featuredmedia":[{"embeddable":true,"href":"http:\/\/elveracruzano.vip\/index.php?rest_route=\/wp\/v2\/media\/8591"}],"wp:attachment":[{"href":"http:\/\/elveracruzano.vip\/index.php?rest_route=%2Fwp%2Fv2%2Fmedia&parent=8590"}],"wp:term":[{"taxonomy":"category","embeddable":true,"href":"http:\/\/elveracruzano.vip\/index.php?rest_route=%2Fwp%2Fv2%2Fcategories&post=8590"},{"taxonomy":"post_tag","embeddable":true,"href":"http:\/\/elveracruzano.vip\/index.php?rest_route=%2Fwp%2Fv2%2Ftags&post=8590"}],"curies":[{"name":"wp","href":"https:\/\/api.w.org\/{rel}","templated":true}]}}