{"id":8551,"date":"2025-02-20T20:10:16","date_gmt":"2025-02-21T02:10:16","guid":{"rendered":"https:\/\/elveracruzano.vip\/?p=8551"},"modified":"2025-02-20T20:10:17","modified_gmt":"2025-02-21T02:10:17","slug":"netflix-invertira-mil-millones-de-dolares-para-producir-series-y-peliculas-en-mexico-durante-2025-2028-claudiashein-gobiernomx","status":"publish","type":"post","link":"http:\/\/elveracruzano.vip\/?p=8551","title":{"rendered":"Netflix invertir\u00e1 mil millones de d\u00f3lares para producir series y pel\u00edculas en M\u00e9xico durante 2025-2028 \/ @Claudiashein @GobiernoMX >>>"},"content":{"rendered":"\n<p><strong>#GobiernoDeM\u00e9xico.-<\/strong> En la conferencia matutina: \u201cLas ma\u00f1aneras del pueblo\u201d, que encabeza la Presidenta Claudia Sheinbaum Pardo, Netflix anunci\u00f3 una inversi\u00f3n de mil millones de d\u00f3lares (mdd) para producir series y pel\u00edculas en M\u00e9xico durante 2025- 2028.<\/p>\n\n\n\n<p>La Jefa del Ejecutivo Federal celebr\u00f3 la inversi\u00f3n de esta plataforma, la cual, destac\u00f3, es muestra de que M\u00e9xico es un pa\u00eds grandioso por su riqueza, pero tambi\u00e9n por el talento mexicano.<\/p>\n\n\n\n<p>\u201cEs una decisi\u00f3n de Netflix. M\u00e9xico es tan grandioso que decidieron invertir aqu\u00ed. Como bien dicen, no solamente es la riqueza, sino tambi\u00e9n estas historias que se muestran, estas producciones son de talento mexicano. O sea, no es que vienen a\u2026 no solamente es que vienen a una locaci\u00f3n en M\u00e9xico para una idea de producci\u00f3n que se hizo en alg\u00fan lugar del mundo y que resulte barato, bonito, hacer, no; es la creaci\u00f3n en M\u00e9xico de series para Netflix, eso tambi\u00e9n cambia un poco la din\u00e1mica\u201d, destac\u00f3.<\/p>\n\n\n\n<p>Se\u00f1al\u00f3 que est\u00e1 industria no solo va a permitir que M\u00e9xico sea visto, sino que tambi\u00e9n aporta al desarrollo econ\u00f3mico, al turismo y a la generaci\u00f3n de empleos.<\/p>\n\n\n\n<p><strong>#ElVeracruzanoVIP <\/strong>\u2013\u00a0<strong><ins>&#8211; <\/ins><\/strong><a href=\"https:\/\/www.facebook.com\/ElVeracruzanoVIP\/\">El Veracruzano VIP<\/a><\/p>\n","protected":false},"excerpt":{"rendered":"<p>#GobiernoDeM\u00e9xico.- En la conferencia matutina: \u201cLas ma\u00f1aneras del pueblo\u201d, que encabeza la Presidenta Claudia Sheinbaum Pardo, Netflix anunci\u00f3 una inversi\u00f3n<\/p>\n","protected":false},"author":4,"featured_media":8553,"comment_status":"open","ping_status":"open","sticky":false,"template":"","format":"standard","meta":{"colormag_page_container_layout":"default_layout","colormag_page_sidebar_layout":"default_layout","rop_custom_images_group":[],"rop_custom_messages_group":[],"rop_publish_now":"yes","rop_publish_now_accounts":{"facebook_109133384920963_108472061465099":""},"rop_publish_now_history":[],"rop_publish_now_status":"pending","footnotes":""},"categories":[13],"tags":[112,20,29,19,21],"class_list":["post-8551","post","type-post","status-publish","format-standard","has-post-thumbnail","hentry","category-principales","tag-claudia-sheinbaum-pardo","tag-enterate","tag-gobierno-de-mexico","tag-redes-sociales","tag-ultima-hora"],"_links":{"self":[{"href":"http:\/\/elveracruzano.vip\/index.php?rest_route=\/wp\/v2\/posts\/8551","targetHints":{"allow":["GET"]}}],"collection":[{"href":"http:\/\/elveracruzano.vip\/index.php?rest_route=\/wp\/v2\/posts"}],"about":[{"href":"http:\/\/elveracruzano.vip\/index.php?rest_route=\/wp\/v2\/types\/post"}],"author":[{"embeddable":true,"href":"http:\/\/elveracruzano.vip\/index.php?rest_route=\/wp\/v2\/users\/4"}],"replies":[{"embeddable":true,"href":"http:\/\/elveracruzano.vip\/index.php?rest_route=%2Fwp%2Fv2%2Fcomments&post=8551"}],"version-history":[{"count":1,"href":"http:\/\/elveracruzano.vip\/index.php?rest_route=\/wp\/v2\/posts\/8551\/revisions"}],"predecessor-version":[{"id":8554,"href":"http:\/\/elveracruzano.vip\/index.php?rest_route=\/wp\/v2\/posts\/8551\/revisions\/8554"}],"wp:featuredmedia":[{"embeddable":true,"href":"http:\/\/elveracruzano.vip\/index.php?rest_route=\/wp\/v2\/media\/8553"}],"wp:attachment":[{"href":"http:\/\/elveracruzano.vip\/index.php?rest_route=%2Fwp%2Fv2%2Fmedia&parent=8551"}],"wp:term":[{"taxonomy":"category","embeddable":true,"href":"http:\/\/elveracruzano.vip\/index.php?rest_route=%2Fwp%2Fv2%2Fcategories&post=8551"},{"taxonomy":"post_tag","embeddable":true,"href":"http:\/\/elveracruzano.vip\/index.php?rest_route=%2Fwp%2Fv2%2Ftags&post=8551"}],"curies":[{"name":"wp","href":"https:\/\/api.w.org\/{rel}","templated":true}]}}