{"id":8368,"date":"2024-11-28T19:32:11","date_gmt":"2024-11-29T01:32:11","guid":{"rendered":"https:\/\/elveracruzano.vip\/?p=8368"},"modified":"2024-11-28T19:32:26","modified_gmt":"2024-11-29T01:32:26","slug":"destaca-amado-cruz-malpica-el-reconocimiento-de-pueblos-originarios-para-el-exito-del-ciit-cruzmalpica-coatzagob","status":"publish","type":"post","link":"http:\/\/elveracruzano.vip\/?p=8368","title":{"rendered":"Destaca Amado Cruz Malpica el reconocimiento de pueblos originarios para el \u00e9xito del CIIT \/ @CruzMalpica @coatzagob >>>"},"content":{"rendered":"\n<p><strong>#Coatzacoalcos, #Ver.-<\/strong> El presidente municipal, Amado Cruz Malpica, asegur\u00f3 ante autoridades de los tres \u00f3rdenes de gobierno que el reconocimiento de la poblaci\u00f3n ind\u00edgena y el combate del rezago educativo son los elementos clave para que el Corredor Interoce\u00e1nico del Istmo de Tehuantepec (CIIT) llegue al verdadero objetivo nacional: equilibrar el desarrollo asim\u00e9trico del pa\u00eds.<\/p>\n\n\n\n<p>Durante su participaci\u00f3n en el Primer Encuentro Nacional: \u201cPerspectiva Municipal del Programa 100 Puntos de la Presidenta de la Rep\u00fablica, Dra. Claudia Sheinbaum Pardo\u201d, el alcalde destac\u00f3 que la concurrencia municipal es forzosa para avanzar en el reconocimiento de pueblos originarios y en la educaci\u00f3n para la vida y el trabajo.<\/p>\n\n\n\n<p>\u201cMe queda claro que este sexenio ser\u00e1 de consolidar, no s\u00f3lo la infraestructura f\u00edsica, sino el prop\u00f3sito ulterior del Corredor Interoce\u00e1nico: hacer del Istmo de Tehuantepec un espacio de prosperidad compartida y alentar el crecimiento de una regi\u00f3n rezagada en actividad econ\u00f3mica y bienestar humano\u201d.<\/p>\n\n\n\n<p>Amado Cruz Malpica dio cifras contundentes de la importancia de la poblaci\u00f3n ind\u00edgena en el Trans\u00edstmico al mencionar que de las 12 mil 228 comunidades ind\u00edgenas y afromexicanas reconocidas en el cat\u00e1logo del INPI, 6 mil 228 se encuentran en los cuatro estados del Corredor, representando el cincuenta por ciento del total nacional.<\/p>\n\n\n\n<p>\u201cDe las poco m\u00e1s de 23 millones de personas que se auto adscriben como pertenecientes a un pueblo originario en M\u00e9xico, 7.2 millones habitan en los 923 municipios de Veracruz, Oaxaca, Chiapas y Tabasco, m\u00e1s del 34 por ciento de la poblaci\u00f3n total en dichas entidades y casi un tercio de todos los ind\u00edgenas auto adscritos del pa\u00eds\u201d.<\/p>\n\n\n\n<p><strong>#ElVeracruzanoVIP <\/strong>\u2013\u00a0<strong><ins>&#8211; <\/ins><\/strong><a href=\"https:\/\/www.facebook.com\/ElVeracruzanoVIP\/\">El Veracruzano VIP<\/a><\/p>\n","protected":false},"excerpt":{"rendered":"<p>#Coatzacoalcos, #Ver.- El presidente municipal, Amado Cruz Malpica, asegur\u00f3 ante autoridades de los tres \u00f3rdenes de gobierno que el reconocimiento<\/p>\n","protected":false},"author":4,"featured_media":8369,"comment_status":"open","ping_status":"open","sticky":false,"template":"","format":"standard","meta":{"colormag_page_container_layout":"default_layout","colormag_page_sidebar_layout":"default_layout","rop_custom_images_group":[],"rop_custom_messages_group":[],"rop_publish_now":"yes","rop_publish_now_accounts":{"facebook_109133384920963_108472061465099":""},"rop_publish_now_history":[],"rop_publish_now_status":"pending","footnotes":""},"categories":[10],"tags":[78,37,20,19,21],"class_list":["post-8368","post","type-post","status-publish","format-standard","has-post-thumbnail","hentry","category-municipios","tag-amado-cruz-malpica","tag-coatzacoalcos","tag-enterate","tag-redes-sociales","tag-ultima-hora"],"_links":{"self":[{"href":"http:\/\/elveracruzano.vip\/index.php?rest_route=\/wp\/v2\/posts\/8368","targetHints":{"allow":["GET"]}}],"collection":[{"href":"http:\/\/elveracruzano.vip\/index.php?rest_route=\/wp\/v2\/posts"}],"about":[{"href":"http:\/\/elveracruzano.vip\/index.php?rest_route=\/wp\/v2\/types\/post"}],"author":[{"embeddable":true,"href":"http:\/\/elveracruzano.vip\/index.php?rest_route=\/wp\/v2\/users\/4"}],"replies":[{"embeddable":true,"href":"http:\/\/elveracruzano.vip\/index.php?rest_route=%2Fwp%2Fv2%2Fcomments&post=8368"}],"version-history":[{"count":2,"href":"http:\/\/elveracruzano.vip\/index.php?rest_route=\/wp\/v2\/posts\/8368\/revisions"}],"predecessor-version":[{"id":8371,"href":"http:\/\/elveracruzano.vip\/index.php?rest_route=\/wp\/v2\/posts\/8368\/revisions\/8371"}],"wp:featuredmedia":[{"embeddable":true,"href":"http:\/\/elveracruzano.vip\/index.php?rest_route=\/wp\/v2\/media\/8369"}],"wp:attachment":[{"href":"http:\/\/elveracruzano.vip\/index.php?rest_route=%2Fwp%2Fv2%2Fmedia&parent=8368"}],"wp:term":[{"taxonomy":"category","embeddable":true,"href":"http:\/\/elveracruzano.vip\/index.php?rest_route=%2Fwp%2Fv2%2Fcategories&post=8368"},{"taxonomy":"post_tag","embeddable":true,"href":"http:\/\/elveracruzano.vip\/index.php?rest_route=%2Fwp%2Fv2%2Ftags&post=8368"}],"curies":[{"name":"wp","href":"https:\/\/api.w.org\/{rel}","templated":true}]}}