{"id":8344,"date":"2024-11-21T19:27:05","date_gmt":"2024-11-22T01:27:05","guid":{"rendered":"https:\/\/elveracruzano.vip\/?p=8344"},"modified":"2024-11-21T19:27:06","modified_gmt":"2024-11-22T01:27:06","slug":"alcalde-de-boca-de-boca-del-rio-da-certeza-juridica-a-ciudadanos-de-la-ampliacion-miguel-aleman-_bocadelrio","status":"publish","type":"post","link":"http:\/\/elveracruzano.vip\/?p=8344","title":{"rendered":"Alcalde de Boca de Boca del R\u00edo da certeza jur\u00eddica a ciudadanos de la Ampliaci\u00f3n Miguel Alem\u00e1n \/ @_BocadelRio >>>"},"content":{"rendered":"\n<p><strong>#BocaDelR\u00edo, #Ver.-<\/strong> El alcalde de Boca del R\u00edo, Juan Manuel Un\u00e1nue Abascal, entreg\u00f3 29 escrituras a vecinos beneficiados de la colonia Ampliaci\u00f3n Miguel Alem\u00e1n, obteniendo certeza jur\u00eddica de la propiedad donde viven.<\/p>\n\n\n\n<p>Con el marco del patio central del Palacio Municipal, el mun\u00edcipe boque\u00f1o enfatiz\u00f3 que este logro social es gracias al esfuerzo de su gobierno y el ejidatario.<\/p>\n\n\n\n<p>\u201cEste es uno de los eventos m\u00e1s significativos que uno tiene como presidente municipal, el esfuerzo que conlleva todo esto, todo el tr\u00e1mite, el conjunto de voluntades que hay en ambas partes, gobierno, el ejidatario y toda la tramitolog\u00eda, y sobre todo los a\u00f1os de espera que tuvieron que pasar estas familias para tener certeza jur\u00eddica en su patrimonio.<\/p>\n\n\n\n<p>\u201cReitero, este momento es muy significativo para mi, que 29 familias de esta ciudad ya tienen certeza jur\u00eddica y tienen ya un pedacito de lo mejor de Veracruz que es Boca Del R\u00edo\u201d, expres\u00f3 el Un\u00e1nue Abascal.<\/p>\n\n\n\n<p>Asimismo destac\u00f3 que se cuenta con el registro de una de las vecinas beneficiadas que comprob\u00f3 que contaba con 29 a\u00f1os de residencia en el lugar y apenas obtuvo sus escrituras, por otra parte Do\u00f1a Juanita, con 20 a\u00f1os de vivir en la colonia, quien le refiri\u00f3, \u201cya no le voy a reclamar nada, usted me hizo la calle, me puso mi tope y me est\u00e1 entregando mis escrituras\u201d.<\/p>\n\n\n\n<p> <strong>#ElVeracruzanoVIP <\/strong>\u2013\u00a0<strong><ins>&#8211; <\/ins><\/strong><a href=\"https:\/\/www.facebook.com\/ElVeracruzanoVIP\/\">El Veracruzano VIP<\/a><\/p>\n","protected":false},"excerpt":{"rendered":"<p>#BocaDelR\u00edo, #Ver.- El alcalde de Boca del R\u00edo, Juan Manuel Un\u00e1nue Abascal, entreg\u00f3 29 escrituras a vecinos beneficiados de la<\/p>\n","protected":false},"author":4,"featured_media":8345,"comment_status":"open","ping_status":"open","sticky":false,"template":"","format":"standard","meta":{"colormag_page_container_layout":"default_layout","colormag_page_sidebar_layout":"default_layout","rop_custom_images_group":[],"rop_custom_messages_group":[],"rop_publish_now":"yes","rop_publish_now_accounts":{"facebook_109133384920963_108472061465099":""},"rop_publish_now_history":[],"rop_publish_now_status":"pending","footnotes":""},"categories":[11],"tags":[35,20,19,21],"class_list":["post-8344","post","type-post","status-publish","format-standard","has-post-thumbnail","hentry","category-municipios-destacados","tag-boca-del-rio","tag-enterate","tag-redes-sociales","tag-ultima-hora"],"_links":{"self":[{"href":"http:\/\/elveracruzano.vip\/index.php?rest_route=\/wp\/v2\/posts\/8344","targetHints":{"allow":["GET"]}}],"collection":[{"href":"http:\/\/elveracruzano.vip\/index.php?rest_route=\/wp\/v2\/posts"}],"about":[{"href":"http:\/\/elveracruzano.vip\/index.php?rest_route=\/wp\/v2\/types\/post"}],"author":[{"embeddable":true,"href":"http:\/\/elveracruzano.vip\/index.php?rest_route=\/wp\/v2\/users\/4"}],"replies":[{"embeddable":true,"href":"http:\/\/elveracruzano.vip\/index.php?rest_route=%2Fwp%2Fv2%2Fcomments&post=8344"}],"version-history":[{"count":1,"href":"http:\/\/elveracruzano.vip\/index.php?rest_route=\/wp\/v2\/posts\/8344\/revisions"}],"predecessor-version":[{"id":8346,"href":"http:\/\/elveracruzano.vip\/index.php?rest_route=\/wp\/v2\/posts\/8344\/revisions\/8346"}],"wp:featuredmedia":[{"embeddable":true,"href":"http:\/\/elveracruzano.vip\/index.php?rest_route=\/wp\/v2\/media\/8345"}],"wp:attachment":[{"href":"http:\/\/elveracruzano.vip\/index.php?rest_route=%2Fwp%2Fv2%2Fmedia&parent=8344"}],"wp:term":[{"taxonomy":"category","embeddable":true,"href":"http:\/\/elveracruzano.vip\/index.php?rest_route=%2Fwp%2Fv2%2Fcategories&post=8344"},{"taxonomy":"post_tag","embeddable":true,"href":"http:\/\/elveracruzano.vip\/index.php?rest_route=%2Fwp%2Fv2%2Ftags&post=8344"}],"curies":[{"name":"wp","href":"https:\/\/api.w.org\/{rel}","templated":true}]}}