{"id":8323,"date":"2024-11-14T20:36:54","date_gmt":"2024-11-15T02:36:54","guid":{"rendered":"https:\/\/elveracruzano.vip\/?p=8323"},"modified":"2024-11-14T20:36:55","modified_gmt":"2024-11-15T02:36:55","slug":"promueve-gobierno-de-coatzacoalcos-el-cuidado-de-la-salud-bucal-en-las-escuelas-cruzmalpica-coatzagob","status":"publish","type":"post","link":"http:\/\/elveracruzano.vip\/?p=8323","title":{"rendered":"Promueve Gobierno de Coatzacoalcos el cuidado de la salud bucal en las escuelas \/ @CruzMalpica @coatzagob >>>"},"content":{"rendered":"\n<p><strong>#Coatzacoalcos, #Ver.-<\/strong>De acuerdo con los expertos en salud, siete de cada 10 ni\u00f1os y adolescentes tienen caries, siete de cada 10 adultos tienen enfermedad periodontal y cuatro de cada 10 mayores de edad no tienen una boca funcional que permita hablar y comer adecuadamente.<\/p>\n\n\n\n<p>Mediante personal capacitado se explic\u00f3 a los alumnos de todos los grados la t\u00e9cnica del cepillado, el uso correcto de hilo dental, detecci\u00f3n de placa bacteriana, as\u00ed como la aplicaci\u00f3n de fl\u00faor buscando sensibilizar a los ni\u00f1os sobre la importancia del cuidado bucal y los buenos h\u00e1bitos de higiene para prevenir enfermedades.<\/p>\n\n\n\n<p>\u201cLa salud bucodental es una prioridad para el gobierno municipal, por eso el presidente Amado Cruz Malpica nos ha instruido desarrollar pol\u00edticas p\u00fablicas para que desde temprana edad los ni\u00f1os reciban orientaci\u00f3n y cuidados preventivos\u201d, expres\u00f3 el doctor Javier Reyes Mu\u00f1oz, director de Salud P\u00fablica.<\/p>\n\n\n\n<p>Los programas de salud dental son fundamentales para el desarrollo integral de los menores, ya que un buen estado de salud bucal impacta directamente en su rendimiento escolar y bienestar general.<\/p>\n\n\n\n<p>Estas acciones forman parte de un programa integral que se implementa en otras escuelas del municipio, ampliando el alcance de esta importante iniciativa en beneficio de todos los estudiantes.<\/p>\n\n\n\n<p><strong>#ElVeracruzanoVIP <\/strong>\u2013<strong><ins> <\/ins><\/strong><a href=\"https:\/\/www.facebook.com\/ElVeracruzanoVIP\/\">El Veracruzano VIP<\/a><\/p>\n","protected":false},"excerpt":{"rendered":"<p>#Coatzacoalcos, #Ver.-De acuerdo con los expertos en salud, siete de cada 10 ni\u00f1os y adolescentes tienen caries, siete de cada<\/p>\n","protected":false},"author":4,"featured_media":8324,"comment_status":"open","ping_status":"open","sticky":false,"template":"","format":"standard","meta":{"colormag_page_container_layout":"default_layout","colormag_page_sidebar_layout":"default_layout","rop_custom_images_group":[],"rop_custom_messages_group":[],"rop_publish_now":"yes","rop_publish_now_accounts":{"facebook_109133384920963_108472061465099":""},"rop_publish_now_history":[],"rop_publish_now_status":"pending","footnotes":""},"categories":[10],"tags":[37,20,19,21],"class_list":["post-8323","post","type-post","status-publish","format-standard","has-post-thumbnail","hentry","category-municipios","tag-coatzacoalcos","tag-enterate","tag-redes-sociales","tag-ultima-hora"],"_links":{"self":[{"href":"http:\/\/elveracruzano.vip\/index.php?rest_route=\/wp\/v2\/posts\/8323","targetHints":{"allow":["GET"]}}],"collection":[{"href":"http:\/\/elveracruzano.vip\/index.php?rest_route=\/wp\/v2\/posts"}],"about":[{"href":"http:\/\/elveracruzano.vip\/index.php?rest_route=\/wp\/v2\/types\/post"}],"author":[{"embeddable":true,"href":"http:\/\/elveracruzano.vip\/index.php?rest_route=\/wp\/v2\/users\/4"}],"replies":[{"embeddable":true,"href":"http:\/\/elveracruzano.vip\/index.php?rest_route=%2Fwp%2Fv2%2Fcomments&post=8323"}],"version-history":[{"count":1,"href":"http:\/\/elveracruzano.vip\/index.php?rest_route=\/wp\/v2\/posts\/8323\/revisions"}],"predecessor-version":[{"id":8325,"href":"http:\/\/elveracruzano.vip\/index.php?rest_route=\/wp\/v2\/posts\/8323\/revisions\/8325"}],"wp:featuredmedia":[{"embeddable":true,"href":"http:\/\/elveracruzano.vip\/index.php?rest_route=\/wp\/v2\/media\/8324"}],"wp:attachment":[{"href":"http:\/\/elveracruzano.vip\/index.php?rest_route=%2Fwp%2Fv2%2Fmedia&parent=8323"}],"wp:term":[{"taxonomy":"category","embeddable":true,"href":"http:\/\/elveracruzano.vip\/index.php?rest_route=%2Fwp%2Fv2%2Fcategories&post=8323"},{"taxonomy":"post_tag","embeddable":true,"href":"http:\/\/elveracruzano.vip\/index.php?rest_route=%2Fwp%2Fv2%2Ftags&post=8323"}],"curies":[{"name":"wp","href":"https:\/\/api.w.org\/{rel}","templated":true}]}}