{"id":8269,"date":"2024-10-29T19:39:35","date_gmt":"2024-10-30T01:39:35","guid":{"rendered":"https:\/\/elveracruzano.vip\/?p=8269"},"modified":"2024-10-29T19:39:36","modified_gmt":"2024-10-30T01:39:36","slug":"en-coatepec-promover-la-lectura-es-una-prioridad-raymundoandradr-gobcoatepec","status":"publish","type":"post","link":"http:\/\/elveracruzano.vip\/?p=8269","title":{"rendered":"En Coatepec, promover la lectura es una prioridad \/ @RaymundoAndradR @GobCoatepec >>>"},"content":{"rendered":"\n<p><strong>#Coatepec, #Ver.-<\/strong> Como parte de la estrategia para promover la lectura en el municipio, esta ma\u00f1ana el H. Ayuntamiento de Coatepec, por medio de la Direcci\u00f3n de Desarrollo Humano y Social, a trav\u00e9s de la Subdirecci\u00f3n de Educaci\u00f3n, llev\u00f3 a cabo la entrega de paquetes de libros a diversos planteles educativos.<\/p>\n\n\n\n<p>En este evento se cont\u00f3 con la asistencia del Presidente Municipal de Coatepec Ing. Raymundo Andrade Rivera, quien destac\u00f3 la importancia de la lectura en los j\u00f3venes para su <a><\/a>desarrollo personal y profesional. As\u00ed mismo, estuvieron presentes la Profa. Sof\u00eda Leticia Viveros Colorado, Regidora Cuarta; la Profa. Rosario Hern\u00e1ndez San Gabriel, Directora de Desarrollo Humano y Social, as\u00ed como la Profa. Luz del Carmen Olvera Lagunes, Subdirectora de Educaci\u00f3n.<\/p>\n\n\n\n<p>As\u00ed mismo, como representantes de sus escuelas asistieron la Profa. Cora Euritzel Mart\u00ednez Gonz\u00e1lez, de la escuela secundaria \u201cIgnacio de la Llave\u201d; Prof. Geovanni Luna Cort\u00e9s, director de la escuela telesecundaria \u201cAdalberto Tejeda\u201d; Profa. Paulina Pale Garc\u00eda, directora de la escuela telesecundaria \u201cAlfonso Arroyo Flores\u201d y la Profa. Edna Denis Mart\u00ednez Mendoza, directora de la escuela telesecundaria \u201cMtra. Guadalupe Guevara Klunder\u201d.<\/p>\n\n\n\n<p><strong>#ElVeracruzanoVIP <\/strong>\u2013\u00a0<strong><ins>&#8211; <\/ins><\/strong><a href=\"https:\/\/www.facebook.com\/ElVeracruzanoVIP\/\">El Veracruzano VIP<\/a><\/p>\n","protected":false},"excerpt":{"rendered":"<p>#Coatepec, #Ver.- Como parte de la estrategia para promover la lectura en el municipio, esta ma\u00f1ana el H. Ayuntamiento de<\/p>\n","protected":false},"author":4,"featured_media":8270,"comment_status":"open","ping_status":"open","sticky":false,"template":"","format":"standard","meta":{"colormag_page_container_layout":"default_layout","colormag_page_sidebar_layout":"default_layout","rop_custom_images_group":[],"rop_custom_messages_group":[],"rop_publish_now":"yes","rop_publish_now_accounts":{"facebook_109133384920963_108472061465099":""},"rop_publish_now_history":[],"rop_publish_now_status":"pending","footnotes":""},"categories":[10],"tags":[40,20,73,19,21],"class_list":["post-8269","post","type-post","status-publish","format-standard","has-post-thumbnail","hentry","category-municipios","tag-coatepec","tag-enterate","tag-raymundo-andrade-rivera","tag-redes-sociales","tag-ultima-hora"],"_links":{"self":[{"href":"http:\/\/elveracruzano.vip\/index.php?rest_route=\/wp\/v2\/posts\/8269","targetHints":{"allow":["GET"]}}],"collection":[{"href":"http:\/\/elveracruzano.vip\/index.php?rest_route=\/wp\/v2\/posts"}],"about":[{"href":"http:\/\/elveracruzano.vip\/index.php?rest_route=\/wp\/v2\/types\/post"}],"author":[{"embeddable":true,"href":"http:\/\/elveracruzano.vip\/index.php?rest_route=\/wp\/v2\/users\/4"}],"replies":[{"embeddable":true,"href":"http:\/\/elveracruzano.vip\/index.php?rest_route=%2Fwp%2Fv2%2Fcomments&post=8269"}],"version-history":[{"count":1,"href":"http:\/\/elveracruzano.vip\/index.php?rest_route=\/wp\/v2\/posts\/8269\/revisions"}],"predecessor-version":[{"id":8271,"href":"http:\/\/elveracruzano.vip\/index.php?rest_route=\/wp\/v2\/posts\/8269\/revisions\/8271"}],"wp:featuredmedia":[{"embeddable":true,"href":"http:\/\/elveracruzano.vip\/index.php?rest_route=\/wp\/v2\/media\/8270"}],"wp:attachment":[{"href":"http:\/\/elveracruzano.vip\/index.php?rest_route=%2Fwp%2Fv2%2Fmedia&parent=8269"}],"wp:term":[{"taxonomy":"category","embeddable":true,"href":"http:\/\/elveracruzano.vip\/index.php?rest_route=%2Fwp%2Fv2%2Fcategories&post=8269"},{"taxonomy":"post_tag","embeddable":true,"href":"http:\/\/elveracruzano.vip\/index.php?rest_route=%2Fwp%2Fv2%2Ftags&post=8269"}],"curies":[{"name":"wp","href":"https:\/\/api.w.org\/{rel}","templated":true}]}}