{"id":8045,"date":"2024-08-15T18:56:26","date_gmt":"2024-08-16T00:56:26","guid":{"rendered":"https:\/\/elveracruzano.vip\/?p=8045"},"modified":"2024-08-15T18:56:28","modified_gmt":"2024-08-16T00:56:28","slug":"realiza-dif-xalapa-expo-venta-en-apoyo-a-adultos-mayores-aytoxalapa","status":"publish","type":"post","link":"http:\/\/elveracruzano.vip\/?p=8045","title":{"rendered":"Realiza DIF Xalapa expo venta en apoyo a adultos mayores \/ @AytoXalapa >>>"},"content":{"rendered":"\n<p><strong>#Xalapa, #Ver.- <\/strong>En el marco del D\u00eda Nacional de las Personas Adultas Mayores, el Ayuntamiento de Xalapa, a trav\u00e9s del Sistema Municipal para el Desarrollo Integral de la Familia (DIF), llev\u00f3 a cabo una expo venta de productos elaborados por integrantes de los Clubes del Adulto Mayor y Centros de D\u00eda del organismo.<\/p>\n\n\n\n<p>El director del DIF, Alejandro Rey del Angel Aguilar, dijo que esta actividad forma parte de las acciones permanentes que se realizan para impulsar el desarrollo e integraci\u00f3n de las personas mayores, ya que representan la posibilidad de obtener reconocimiento y mantener o adquirir habilidades durante los talleres.<\/p>\n\n\n\n<p>Explic\u00f3 que algunas habilidades que adquieren las personas son motrices, cognitivas, adem\u00e1s de que se promueve la convivencia, a trav\u00e9s de una actividad de integraci\u00f3n que tambi\u00e9n se refleja en una retribuci\u00f3n econ\u00f3mica.<\/p>\n\n\n\n<p>Dio a conocer que en la expo venta participaron alrededor de 20 expositores, quienes forman parte de los Clubes del Adulto Mayor y Centros de D\u00eda del DIF Municipal Xalapa.<\/p>\n\n\n\n<p>Ofrecieron productos de bisuter\u00eda, bolsas de manta y una gran variedad de art\u00edculos bordados a mano.<\/p>\n\n\n\n<p>\u201cTodas estas personas adultas mayores comparten actividades y producen artesan\u00edas y art\u00edculos que realizan con materiales nuevos o de reciclaje\u201d, agreg\u00f3.<\/p>\n\n\n\n<p><strong>#ElVeracruzanoVIP \u2013\u00a0<ins>&#8211; <\/ins><a href=\"https:\/\/www.facebook.com\/ElVeracruzanoVIP\/\">El Veracruzano VIP<\/a><\/strong><\/p>\n","protected":false},"excerpt":{"rendered":"<p>#Xalapa, #Ver.- En el marco del D\u00eda Nacional de las Personas Adultas Mayores, el Ayuntamiento de Xalapa, a trav\u00e9s del<\/p>\n","protected":false},"author":4,"featured_media":8046,"comment_status":"open","ping_status":"open","sticky":false,"template":"","format":"standard","meta":{"colormag_page_container_layout":"default_layout","colormag_page_sidebar_layout":"default_layout","rop_custom_images_group":[],"rop_custom_messages_group":[],"rop_publish_now":"yes","rop_publish_now_accounts":{"facebook_109133384920963_108472061465099":""},"rop_publish_now_history":[],"rop_publish_now_status":"pending","footnotes":""},"categories":[11],"tags":[20,19,21,32],"class_list":["post-8045","post","type-post","status-publish","format-standard","has-post-thumbnail","hentry","category-municipios-destacados","tag-enterate","tag-redes-sociales","tag-ultima-hora","tag-xalapa"],"_links":{"self":[{"href":"http:\/\/elveracruzano.vip\/index.php?rest_route=\/wp\/v2\/posts\/8045","targetHints":{"allow":["GET"]}}],"collection":[{"href":"http:\/\/elveracruzano.vip\/index.php?rest_route=\/wp\/v2\/posts"}],"about":[{"href":"http:\/\/elveracruzano.vip\/index.php?rest_route=\/wp\/v2\/types\/post"}],"author":[{"embeddable":true,"href":"http:\/\/elveracruzano.vip\/index.php?rest_route=\/wp\/v2\/users\/4"}],"replies":[{"embeddable":true,"href":"http:\/\/elveracruzano.vip\/index.php?rest_route=%2Fwp%2Fv2%2Fcomments&post=8045"}],"version-history":[{"count":1,"href":"http:\/\/elveracruzano.vip\/index.php?rest_route=\/wp\/v2\/posts\/8045\/revisions"}],"predecessor-version":[{"id":8047,"href":"http:\/\/elveracruzano.vip\/index.php?rest_route=\/wp\/v2\/posts\/8045\/revisions\/8047"}],"wp:featuredmedia":[{"embeddable":true,"href":"http:\/\/elveracruzano.vip\/index.php?rest_route=\/wp\/v2\/media\/8046"}],"wp:attachment":[{"href":"http:\/\/elveracruzano.vip\/index.php?rest_route=%2Fwp%2Fv2%2Fmedia&parent=8045"}],"wp:term":[{"taxonomy":"category","embeddable":true,"href":"http:\/\/elveracruzano.vip\/index.php?rest_route=%2Fwp%2Fv2%2Fcategories&post=8045"},{"taxonomy":"post_tag","embeddable":true,"href":"http:\/\/elveracruzano.vip\/index.php?rest_route=%2Fwp%2Fv2%2Ftags&post=8045"}],"curies":[{"name":"wp","href":"https:\/\/api.w.org\/{rel}","templated":true}]}}