{"id":7842,"date":"2024-06-18T20:28:30","date_gmt":"2024-06-19T02:28:30","guid":{"rendered":"https:\/\/elveracruzano.vip\/?p=7842"},"modified":"2024-06-18T20:28:30","modified_gmt":"2024-06-19T02:28:30","slug":"instalan-el-comite-estatal-de-emergencias-para-fortalecer-la-preparacion-y-respuesta-ante-la-temporada-de-lluvias-y-ciclones-tropicales-gobiernover","status":"publish","type":"post","link":"http:\/\/elveracruzano.vip\/?p=7842","title":{"rendered":"Instalan el Comit\u00e9 Estatal de Emergencias para fortalecer la preparaci\u00f3n y respuesta ante la temporada de lluvias y ciclones tropicales \/ @GobiernoVer >>>"},"content":{"rendered":"\n<p><strong>#GobiernoDeVeracruz.- <\/strong>En un esfuerzo coordinado para fortalecer la preparaci\u00f3n y respuesta ante la temporada de lluvias y ciclones tropicales 2024, se instal\u00f3 el Comit\u00e9 Estatal de\u00a0Emergencias, a trav\u00e9s de la Titular de Protecci\u00f3n Civil de Veracruz, Dra.\u00a0Guadalupe Osorno Maldonado, con quien analizamos informaci\u00f3n detallada de la Subdirecci\u00f3n de Estudios y Pron\u00f3sticos Meteorol\u00f3gicos de PC, que nos permite prever acciones como la distribuci\u00f3n anticipada de las fuerzas de tarea y la coordinaci\u00f3n con los diferentes niveles de gobierno ante pr\u00f3ximos eventos meteorol\u00f3gicos<\/p>\n\n\n\n<p>Del mismo modo se instal\u00f3 el Comit\u00e9 Estatal para la Seguridad en Salud; con la incorporaci\u00f3n de dos instituciones que se suman a la fuerza de tarea del Sector Salud en la Entidad como lo son, el OPD IMSS-Bienestar y la Coordinaci\u00f3n Estatal del Sistema Nacional de Salud P\u00fablica.<\/p>\n\n\n\n<p>Con una infraestructura fortalecida y estrategias bien definidas para una respuesta r\u00e1pida y efectiva, la SS|SESVER refuerza la comunicaci\u00f3n interinstitucional para prevenir, enfrentar, mitigar y restaurar los da\u00f1os a la salud de la poblaci\u00f3n ocasionados por los eventos clim\u00e1ticos que se presenten en esta temporada.<\/p>\n\n\n\n<p>Como lo instruye nuestro Gobernador, Ing. Cuitl\u00e1huac Garc\u00eda Jim\u00e9nez, trabajamos de manera coordinada con el compromiso de otorgar seguridad y bienestar a las y los veracruzanos.<\/p>\n\n\n\n<p><strong>#ElVeracruzanoVIP &#8211; <\/strong><a href=\"https:\/\/www.facebook.com\/ElVeracruzanoVIP\/\">El Veracruzano VIP<\/a><\/p>\n","protected":false},"excerpt":{"rendered":"<p>#GobiernoDeVeracruz.- En un esfuerzo coordinado para fortalecer la preparaci\u00f3n y respuesta ante la temporada de lluvias y ciclones tropicales 2024,<\/p>\n","protected":false},"author":4,"featured_media":7843,"comment_status":"open","ping_status":"open","sticky":false,"template":"","format":"standard","meta":{"colormag_page_container_layout":"default_layout","colormag_page_sidebar_layout":"default_layout","rop_custom_images_group":[],"rop_custom_messages_group":[],"rop_publish_now":"yes","rop_publish_now_accounts":{"facebook_109133384920963_108472061465099":""},"rop_publish_now_history":[],"rop_publish_now_status":"pending","footnotes":""},"categories":[13],"tags":[20,18,19,21],"class_list":["post-7842","post","type-post","status-publish","format-standard","has-post-thumbnail","hentry","category-principales","tag-enterate","tag-gobierno-del-estado-de-veracruz","tag-redes-sociales","tag-ultima-hora"],"_links":{"self":[{"href":"http:\/\/elveracruzano.vip\/index.php?rest_route=\/wp\/v2\/posts\/7842","targetHints":{"allow":["GET"]}}],"collection":[{"href":"http:\/\/elveracruzano.vip\/index.php?rest_route=\/wp\/v2\/posts"}],"about":[{"href":"http:\/\/elveracruzano.vip\/index.php?rest_route=\/wp\/v2\/types\/post"}],"author":[{"embeddable":true,"href":"http:\/\/elveracruzano.vip\/index.php?rest_route=\/wp\/v2\/users\/4"}],"replies":[{"embeddable":true,"href":"http:\/\/elveracruzano.vip\/index.php?rest_route=%2Fwp%2Fv2%2Fcomments&post=7842"}],"version-history":[{"count":1,"href":"http:\/\/elveracruzano.vip\/index.php?rest_route=\/wp\/v2\/posts\/7842\/revisions"}],"predecessor-version":[{"id":7844,"href":"http:\/\/elveracruzano.vip\/index.php?rest_route=\/wp\/v2\/posts\/7842\/revisions\/7844"}],"wp:featuredmedia":[{"embeddable":true,"href":"http:\/\/elveracruzano.vip\/index.php?rest_route=\/wp\/v2\/media\/7843"}],"wp:attachment":[{"href":"http:\/\/elveracruzano.vip\/index.php?rest_route=%2Fwp%2Fv2%2Fmedia&parent=7842"}],"wp:term":[{"taxonomy":"category","embeddable":true,"href":"http:\/\/elveracruzano.vip\/index.php?rest_route=%2Fwp%2Fv2%2Fcategories&post=7842"},{"taxonomy":"post_tag","embeddable":true,"href":"http:\/\/elveracruzano.vip\/index.php?rest_route=%2Fwp%2Fv2%2Ftags&post=7842"}],"curies":[{"name":"wp","href":"https:\/\/api.w.org\/{rel}","templated":true}]}}