{"id":7831,"date":"2024-06-13T19:21:10","date_gmt":"2024-06-14T01:21:10","guid":{"rendered":"https:\/\/elveracruzano.vip\/?p=7831"},"modified":"2024-06-13T19:21:12","modified_gmt":"2024-06-14T01:21:12","slug":"sesver-amplia-fechas-de-gran-vacunaton-con-sedes-en-todo-el-estado-gobiernover","status":"publish","type":"post","link":"http:\/\/elveracruzano.vip\/?p=7831","title":{"rendered":"SESVER ampl\u00eda fechas de \u201cGran Vacunat\u00f3n\u201d con sedes en todo el estado \/ @GobiernoVer >>>"},"content":{"rendered":"\n<p><strong>#GobiernoDeVeracruz.-<\/strong> Bajo el lema: \u201cLas vacunas salvan vidas\u201d, y con el objetivo de continuar fortaleciendo la prevenci\u00f3n de enfermedades mediante la vacunaci\u00f3n universal, la Secretar\u00eda de salud y servicios de salud de Veracruz, ampl\u00eda las fechas de la campa\u00f1a \u201cGran Vacunat\u00f3n\u201d, en todo el estado.<\/p>\n\n\n\n<p>De acuerdo a lo instruido por el Gobernador de Veracruz, Ing. Cuitl\u00e1huac Garc\u00eda Jim\u00e9nez, la SS|SESVER a cargo de la Dra. Guadalupe D\u00edaz del Castillo Flores, durante este mes de junio, en las once Jurisdicciones Sanitarias del Estado, se llevan a cabo las macrosedes con aplicaci\u00f3n de vacunas, especialmente para la protecci\u00f3n de ni\u00f1as y ni\u00f1os; mismas que se pueden consultar en la p\u00e1gina\u00a0www.ssaver.gob.mx\/salud-publica\/.<\/p>\n\n\n\n<p>SS|SESVER convoca a las familias veracruzanas, para acudir a la unidad de salud m\u00e1s cercana, m\u00f3dulos instalados en espacios p\u00fablicos y ubicaciones del \u201cGran Vacunat\u00f3n\u201d, para completar el esquema de vacunaci\u00f3n que protege a sus hijas e hijos de enfermedades como, Poliomielitis, Sarampi\u00f3n, Rub\u00e9ola y S\u00edndrome de Rub\u00e9ola Cong\u00e9nita.<\/p>\n\n\n\n<p>Personal de SESVER realizar\u00e1 estas jornadas conforme al Programa de Vacunaci\u00f3n Universal (PVU), de acuerdo a la edad de las y los menores, as\u00ed como j\u00f3venes y personas adultas, evitando de esta manera, la transmisi\u00f3n de enfermedades virales.<\/p>\n\n\n\n<p>Fomentando el cuidado de la salud, la SS|SESVER refuerza las acciones de prevenci\u00f3n y promoci\u00f3n en beneficio de las y los veracruzanos.<\/p>\n\n\n\n<p><strong>#ElVeracruzanoVIP &#8211; <\/strong><a href=\"https:\/\/www.facebook.com\/ElVeracruzanoVIP\/\">El Veracruzano VIP<\/a><\/p>\n","protected":false},"excerpt":{"rendered":"<p>#GobiernoDeVeracruz.- Bajo el lema: \u201cLas vacunas salvan vidas\u201d, y con el objetivo de continuar fortaleciendo la prevenci\u00f3n de enfermedades mediante<\/p>\n","protected":false},"author":4,"featured_media":7832,"comment_status":"open","ping_status":"open","sticky":false,"template":"","format":"standard","meta":{"colormag_page_container_layout":"default_layout","colormag_page_sidebar_layout":"default_layout","rop_custom_images_group":[],"rop_custom_messages_group":[],"rop_publish_now":"yes","rop_publish_now_accounts":{"facebook_109133384920963_108472061465099":""},"rop_publish_now_history":[],"rop_publish_now_status":"pending","footnotes":""},"categories":[14],"tags":[20,18,19,21],"class_list":["post-7831","post","type-post","status-publish","format-standard","has-post-thumbnail","hentry","category-secretarias","tag-enterate","tag-gobierno-del-estado-de-veracruz","tag-redes-sociales","tag-ultima-hora"],"_links":{"self":[{"href":"http:\/\/elveracruzano.vip\/index.php?rest_route=\/wp\/v2\/posts\/7831","targetHints":{"allow":["GET"]}}],"collection":[{"href":"http:\/\/elveracruzano.vip\/index.php?rest_route=\/wp\/v2\/posts"}],"about":[{"href":"http:\/\/elveracruzano.vip\/index.php?rest_route=\/wp\/v2\/types\/post"}],"author":[{"embeddable":true,"href":"http:\/\/elveracruzano.vip\/index.php?rest_route=\/wp\/v2\/users\/4"}],"replies":[{"embeddable":true,"href":"http:\/\/elveracruzano.vip\/index.php?rest_route=%2Fwp%2Fv2%2Fcomments&post=7831"}],"version-history":[{"count":1,"href":"http:\/\/elveracruzano.vip\/index.php?rest_route=\/wp\/v2\/posts\/7831\/revisions"}],"predecessor-version":[{"id":7833,"href":"http:\/\/elveracruzano.vip\/index.php?rest_route=\/wp\/v2\/posts\/7831\/revisions\/7833"}],"wp:featuredmedia":[{"embeddable":true,"href":"http:\/\/elveracruzano.vip\/index.php?rest_route=\/wp\/v2\/media\/7832"}],"wp:attachment":[{"href":"http:\/\/elveracruzano.vip\/index.php?rest_route=%2Fwp%2Fv2%2Fmedia&parent=7831"}],"wp:term":[{"taxonomy":"category","embeddable":true,"href":"http:\/\/elveracruzano.vip\/index.php?rest_route=%2Fwp%2Fv2%2Fcategories&post=7831"},{"taxonomy":"post_tag","embeddable":true,"href":"http:\/\/elveracruzano.vip\/index.php?rest_route=%2Fwp%2Fv2%2Ftags&post=7831"}],"curies":[{"name":"wp","href":"https:\/\/api.w.org\/{rel}","templated":true}]}}