{"id":7823,"date":"2024-06-11T19:42:34","date_gmt":"2024-06-12T01:42:34","guid":{"rendered":"https:\/\/elveracruzano.vip\/?p=7823"},"modified":"2024-06-11T19:42:35","modified_gmt":"2024-06-12T01:42:35","slug":"en-minatitlan-supervisan-trabajos-de-construccion-de-ollas-de-agua-en-la-comunidad-las-carmelitas-gobminatitlan","status":"publish","type":"post","link":"http:\/\/elveracruzano.vip\/?p=7823","title":{"rendered":"En Minatitl\u00e1n, supervisan trabajos de construcci\u00f3n de ollas de agua en la comunidad Las Carmelitas \/ @gobminatitlan >>>"},"content":{"rendered":"\n<p><strong>#Minatitl\u00e1n, #Ver.-<\/strong> La Presidenta Municipal de Minatitl\u00e1n, Dra. Carmen Medel, supervis\u00f3 de cerca los trabajos de construcci\u00f3n de ollas de agua en un predio ubicado en la comunidad Las Carmelitas. Este proyecto, que inici\u00f3 el martes 4 de junio, tiene como objetivo la instalaci\u00f3n de 100 ollas para mejorar el acceso al vital l\u00edquido en la regi\u00f3n.<\/p>\n\n\n\n<p>Hasta la fecha, se han completado <a><\/a>con \u00e9xito 10 ollas en 10 ranchos de la zona, marcando un avance significativo en el proyecto. La construcci\u00f3n de las restantes 90 ollas est\u00e1 programada para continuar en las pr\u00f3ximas semanas, beneficiando a m\u00e1s familias locales con un suministro seguro y confiable de agua.<\/p>\n\n\n\n<p>Por su parte, Rufino Hern\u00e1ndez Lemus, Presidente del Consejo Directivo de la Asociaci\u00f3n Ganadera Local \u00abLos Amigos del Progreso\u00bb en la zona rural de Minatitl\u00e1n, expres\u00f3 su gratitud por la respuesta y apoyo brindado por la doctora Medel Palma. Agradeci\u00f3 su gesti\u00f3n ante las autoridades estatales para hacer posible este importante proyecto que impactar\u00e1 positivamente a la comunidad.<\/p>\n\n\n\n<p>Carmen Medel Palma reafirma su compromiso con el bienestar y desarrollo de la comunidad, asegurando que los trabajos se realicen con eficiencia y transparencia. Estas acciones buscan mejorar la calidad de vida de los habitantes y promover un entorno m\u00e1s sostenible en Minatitl\u00e1n.<\/p>\n\n\n\n<p><strong>#ElVeracruzanoVIP &#8211; <\/strong><a href=\"https:\/\/www.facebook.com\/ElVeracruzanoVIP\/\">El Veracruzano VIP<\/a><\/p>\n","protected":false},"excerpt":{"rendered":"<p>#Minatitl\u00e1n, #Ver.- La Presidenta Municipal de Minatitl\u00e1n, Dra. Carmen Medel, supervis\u00f3 de cerca los trabajos de construcci\u00f3n de ollas de<\/p>\n","protected":false},"author":4,"featured_media":7824,"comment_status":"open","ping_status":"open","sticky":false,"template":"","format":"standard","meta":{"colormag_page_container_layout":"default_layout","colormag_page_sidebar_layout":"default_layout","rop_custom_images_group":[],"rop_custom_messages_group":[],"rop_publish_now":"yes","rop_publish_now_accounts":{"facebook_109133384920963_108472061465099":""},"rop_publish_now_history":[],"rop_publish_now_status":"pending","footnotes":""},"categories":[8],"tags":[20,39,19,21],"class_list":["post-7823","post","type-post","status-publish","format-standard","has-post-thumbnail","hentry","category-alcaldesas","tag-enterate","tag-minatitlan","tag-redes-sociales","tag-ultima-hora"],"_links":{"self":[{"href":"http:\/\/elveracruzano.vip\/index.php?rest_route=\/wp\/v2\/posts\/7823","targetHints":{"allow":["GET"]}}],"collection":[{"href":"http:\/\/elveracruzano.vip\/index.php?rest_route=\/wp\/v2\/posts"}],"about":[{"href":"http:\/\/elveracruzano.vip\/index.php?rest_route=\/wp\/v2\/types\/post"}],"author":[{"embeddable":true,"href":"http:\/\/elveracruzano.vip\/index.php?rest_route=\/wp\/v2\/users\/4"}],"replies":[{"embeddable":true,"href":"http:\/\/elveracruzano.vip\/index.php?rest_route=%2Fwp%2Fv2%2Fcomments&post=7823"}],"version-history":[{"count":1,"href":"http:\/\/elveracruzano.vip\/index.php?rest_route=\/wp\/v2\/posts\/7823\/revisions"}],"predecessor-version":[{"id":7825,"href":"http:\/\/elveracruzano.vip\/index.php?rest_route=\/wp\/v2\/posts\/7823\/revisions\/7825"}],"wp:featuredmedia":[{"embeddable":true,"href":"http:\/\/elveracruzano.vip\/index.php?rest_route=\/wp\/v2\/media\/7824"}],"wp:attachment":[{"href":"http:\/\/elveracruzano.vip\/index.php?rest_route=%2Fwp%2Fv2%2Fmedia&parent=7823"}],"wp:term":[{"taxonomy":"category","embeddable":true,"href":"http:\/\/elveracruzano.vip\/index.php?rest_route=%2Fwp%2Fv2%2Fcategories&post=7823"},{"taxonomy":"post_tag","embeddable":true,"href":"http:\/\/elveracruzano.vip\/index.php?rest_route=%2Fwp%2Fv2%2Ftags&post=7823"}],"curies":[{"name":"wp","href":"https:\/\/api.w.org\/{rel}","templated":true}]}}