{"id":7579,"date":"2024-03-28T19:49:12","date_gmt":"2024-03-29T01:49:12","guid":{"rendered":"https:\/\/elveracruzano.vip\/?p=7579"},"modified":"2024-03-28T19:49:13","modified_gmt":"2024-03-29T01:49:13","slug":"en-guerrero-direccion-general-de-salud-de-acapulco-instala-modulo-de-atencion-abelinalopezr-acapulco","status":"publish","type":"post","link":"http:\/\/elveracruzano.vip\/?p=7579","title":{"rendered":"En Guerrero, Direcci\u00f3n General de Salud de Acapulco instala m\u00f3dulo de atenci\u00f3n \/ @AbelinaLopezR @Acapulco >>>"},"content":{"rendered":"\n<p><strong>#Acapulco, #Gro.-&nbsp;<\/strong>Personal de la Direcci\u00f3n General de Salud Municipal Acapulco ha instalado un m\u00f3dulo de atenci\u00f3n para paseantes y acapulque\u00f1os en la plazoleta de la Quebrada.<\/p>\n\n\n\n<p>En este, se atienden y realizan consultas m\u00e9dicas b\u00e1sicas, se brinda orientaci\u00f3n y hay entrega gratuita de suero y plata coloidal para quien as\u00ed lo solicite.<\/p>\n\n\n\n<p><strong>#ElVeracruzanoVIP &#8211; <\/strong><a href=\"https:\/\/www.facebook.com\/ElVeracruzanoVIP\/\">El Veracruzano VIP<\/a><\/p>\n","protected":false},"excerpt":{"rendered":"<p>#Acapulco, #Gro.-&nbsp;Personal de la Direcci\u00f3n General de Salud Municipal Acapulco ha instalado un m\u00f3dulo de atenci\u00f3n para paseantes y acapulque\u00f1os<\/p>\n","protected":false},"author":4,"featured_media":7580,"comment_status":"open","ping_status":"open","sticky":false,"template":"","format":"standard","meta":{"colormag_page_container_layout":"default_layout","colormag_page_sidebar_layout":"default_layout","rop_custom_images_group":[],"rop_custom_messages_group":[],"rop_publish_now":"yes","rop_publish_now_accounts":{"facebook_109133384920963_108472061465099":""},"rop_publish_now_history":[],"rop_publish_now_status":"pending","footnotes":""},"categories":[12],"tags":[94,67,20,19,21],"class_list":["post-7579","post","type-post","status-publish","format-standard","has-post-thumbnail","hentry","category-municipios-en-mexico","tag-abelina-lopez-rodriguez","tag-acapulco","tag-enterate","tag-redes-sociales","tag-ultima-hora"],"_links":{"self":[{"href":"http:\/\/elveracruzano.vip\/index.php?rest_route=\/wp\/v2\/posts\/7579","targetHints":{"allow":["GET"]}}],"collection":[{"href":"http:\/\/elveracruzano.vip\/index.php?rest_route=\/wp\/v2\/posts"}],"about":[{"href":"http:\/\/elveracruzano.vip\/index.php?rest_route=\/wp\/v2\/types\/post"}],"author":[{"embeddable":true,"href":"http:\/\/elveracruzano.vip\/index.php?rest_route=\/wp\/v2\/users\/4"}],"replies":[{"embeddable":true,"href":"http:\/\/elveracruzano.vip\/index.php?rest_route=%2Fwp%2Fv2%2Fcomments&post=7579"}],"version-history":[{"count":1,"href":"http:\/\/elveracruzano.vip\/index.php?rest_route=\/wp\/v2\/posts\/7579\/revisions"}],"predecessor-version":[{"id":7581,"href":"http:\/\/elveracruzano.vip\/index.php?rest_route=\/wp\/v2\/posts\/7579\/revisions\/7581"}],"wp:featuredmedia":[{"embeddable":true,"href":"http:\/\/elveracruzano.vip\/index.php?rest_route=\/wp\/v2\/media\/7580"}],"wp:attachment":[{"href":"http:\/\/elveracruzano.vip\/index.php?rest_route=%2Fwp%2Fv2%2Fmedia&parent=7579"}],"wp:term":[{"taxonomy":"category","embeddable":true,"href":"http:\/\/elveracruzano.vip\/index.php?rest_route=%2Fwp%2Fv2%2Fcategories&post=7579"},{"taxonomy":"post_tag","embeddable":true,"href":"http:\/\/elveracruzano.vip\/index.php?rest_route=%2Fwp%2Fv2%2Ftags&post=7579"}],"curies":[{"name":"wp","href":"https:\/\/api.w.org\/{rel}","templated":true}]}}