{"id":7526,"date":"2024-03-14T18:29:35","date_gmt":"2024-03-15T00:29:35","guid":{"rendered":"https:\/\/elveracruzano.vip\/?p=7526"},"modified":"2024-03-14T18:29:36","modified_gmt":"2024-03-15T00:29:36","slug":"revolucion-mexicana-dio-pauta-a-la-justicia-social-destaca-presidente-andres-manuel-lopezobrador_-gobiernomx","status":"publish","type":"post","link":"http:\/\/elveracruzano.vip\/?p=7526","title":{"rendered":"Revoluci\u00f3n Mexicana dio pauta a la justicia social, destaca presidente Andr\u00e9s Manuel \/ @lopezobrador_ @GobiernoMX >>>"},"content":{"rendered":"\n<p><strong>#GobiernoDeM\u00e9xico.-<\/strong>&nbsp;En la tercera y \u00faltima clase de historia sobre&nbsp;Francisco I. Madero (1873-1913), el presidente Andr\u00e9s Manuel L\u00f3pez Obrador explic\u00f3 que la&nbsp;Revoluci\u00f3n Mexicana (1910-1917)&nbsp;fue el movimiento de justicia social que necesitaba M\u00e9xico luego del r\u00e9gimen opresor de 34 a\u00f1os de Porfirio D\u00edaz.&nbsp;<\/p>\n\n\n\n<p>\u201cEsa revoluci\u00f3n no fue en vano. Gracias a esa revoluci\u00f3n se avanz\u00f3 mucho, sobre todo en el terreno social: en la atenci\u00f3n a los campesinos, en garantizar el derecho de la tierra a los campesinos; en mejores condiciones laborales para los obreros y en todo lo que tiene que ver con la justicia social. Esto es Madero\u201d, subray\u00f3 al encabezar la conferencia de prensa en Baja California.<\/p>\n\n\n\n<p>En su \u00faltimo libro titulado \u00a1Gracias!, el mandatario plante\u00f3 que la revoluci\u00f3n maderista fue eficaz porque en s\u00f3lo seis meses, del 20 de noviembre de 1910 al 31 de mayo de 1911, se consum\u00f3 el derrocamiento de Porfirio D\u00edaz como resultado del inicio del conflicto armado, particularmente de una lucha decisiva en Ciudad Ju\u00e1rez.<\/p>\n\n\n\n<p>En 1912, el pol\u00edtico, escritor y periodista, Luis Cabrera, estim\u00f3 la muerte de 14 mil hombres en los campos de batalla. Sin embargo, apenas comenzar\u00eda el desmontaje del viejo r\u00e9gimen y el cumplimiento de las demandas de democracia y justicia.<\/p>\n\n\n\n<p>En una carta abierta fechada el 27 de abril de 1911, Luis Cabrera recomienda al tambi\u00e9n conocido como Ap\u00f3stol de la Democracia ir al fondo de las necesidades del pueblo.<\/p>\n\n\n\n<p><strong>#ElVeracruzanoVIP &#8211; <\/strong><a href=\"https:\/\/www.facebook.com\/ElVeracruzanoVIP\/\">El Veracruzano VIP<\/a><\/p>\n","protected":false},"excerpt":{"rendered":"<p>#GobiernoDeM\u00e9xico.-&nbsp;En la tercera y \u00faltima clase de historia sobre&nbsp;Francisco I. Madero (1873-1913), el presidente Andr\u00e9s Manuel L\u00f3pez Obrador explic\u00f3 que<\/p>\n","protected":false},"author":4,"featured_media":7527,"comment_status":"open","ping_status":"open","sticky":false,"template":"","format":"standard","meta":{"colormag_page_container_layout":"default_layout","colormag_page_sidebar_layout":"default_layout","rop_custom_images_group":[],"rop_custom_messages_group":[],"rop_publish_now":"yes","rop_publish_now_accounts":{"facebook_109133384920963_108472061465099":""},"rop_publish_now_history":[],"rop_publish_now_status":"pending","footnotes":""},"categories":[13],"tags":[28,20,29,19,21],"class_list":["post-7526","post","type-post","status-publish","format-standard","has-post-thumbnail","hentry","category-principales","tag-andres-manuel-lopez-obrado","tag-enterate","tag-gobierno-de-mexico","tag-redes-sociales","tag-ultima-hora"],"_links":{"self":[{"href":"http:\/\/elveracruzano.vip\/index.php?rest_route=\/wp\/v2\/posts\/7526","targetHints":{"allow":["GET"]}}],"collection":[{"href":"http:\/\/elveracruzano.vip\/index.php?rest_route=\/wp\/v2\/posts"}],"about":[{"href":"http:\/\/elveracruzano.vip\/index.php?rest_route=\/wp\/v2\/types\/post"}],"author":[{"embeddable":true,"href":"http:\/\/elveracruzano.vip\/index.php?rest_route=\/wp\/v2\/users\/4"}],"replies":[{"embeddable":true,"href":"http:\/\/elveracruzano.vip\/index.php?rest_route=%2Fwp%2Fv2%2Fcomments&post=7526"}],"version-history":[{"count":1,"href":"http:\/\/elveracruzano.vip\/index.php?rest_route=\/wp\/v2\/posts\/7526\/revisions"}],"predecessor-version":[{"id":7528,"href":"http:\/\/elveracruzano.vip\/index.php?rest_route=\/wp\/v2\/posts\/7526\/revisions\/7528"}],"wp:featuredmedia":[{"embeddable":true,"href":"http:\/\/elveracruzano.vip\/index.php?rest_route=\/wp\/v2\/media\/7527"}],"wp:attachment":[{"href":"http:\/\/elveracruzano.vip\/index.php?rest_route=%2Fwp%2Fv2%2Fmedia&parent=7526"}],"wp:term":[{"taxonomy":"category","embeddable":true,"href":"http:\/\/elveracruzano.vip\/index.php?rest_route=%2Fwp%2Fv2%2Fcategories&post=7526"},{"taxonomy":"post_tag","embeddable":true,"href":"http:\/\/elveracruzano.vip\/index.php?rest_route=%2Fwp%2Fv2%2Ftags&post=7526"}],"curies":[{"name":"wp","href":"https:\/\/api.w.org\/{rel}","templated":true}]}}