{"id":7347,"date":"2024-02-01T18:42:37","date_gmt":"2024-02-02T00:42:37","guid":{"rendered":"https:\/\/elveracruzano.vip\/?p=7347"},"modified":"2024-02-01T18:42:37","modified_gmt":"2024-02-02T00:42:37","slug":"veracruz-pilar-de-una-republica-democratica-y-protagonista-de-su-transformacion-cuitlahuacgj-gobiernover","status":"publish","type":"post","link":"http:\/\/elveracruzano.vip\/?p=7347","title":{"rendered":"Veracruz, pilar de una Rep\u00fablica democr\u00e1tica y protagonista de su transformaci\u00f3n \/ @CuitlahuacGJ @GobiernoVer >>>"},"content":{"rendered":"\n<p><strong>#GobiernoDeVeracruz.-<\/strong> La firma del pacto federal en 1824 fue un momento clave en la consolidaci\u00f3n de un Estado republicano y democr\u00e1tico, \u201cporque una Rep\u00fablica sin democracia nos llevar\u00eda a cumplir s\u00f3lo intereses particulares\u201d, asever\u00f3 el gobernador Cuitl\u00e1huac Garc\u00eda Jim\u00e9nez en la conmemoraci\u00f3n de los 200 a\u00f1os de Veracruz como integrante de la Federaci\u00f3n.<\/p>\n\n\n\n<p>En una solemne ceremonia que tuvo lugar en la Fortaleza de San Carlos, baluarte de la \u00e9poca colonial, el titular del Poder Ejecutivo refiri\u00f3 que la historia marca las directrices del quehacer colectivo en beneficio de la mayor\u00eda, anteponiendo siempre las necesidades de la gente para evadir los excesos y abusos de anta\u00f1o, siendo as\u00ed el actuar de los servidores de la naci\u00f3n.<\/p>\n\n\n\n<p>Porque con el pueblo todo y sin el pueblo nada, reiter\u00f3 su apoyo al presidente Andr\u00e9s Manuel L\u00f3pez Obrador que en pr\u00f3ximos d\u00edas enviar\u00e1 a la C\u00e1mara de Diputados un paquete de iniciativas, entre las que destacan establecer la edad de 65 a\u00f1os en la pensi\u00f3n universal y que el incremento al salario m\u00ednimo nunca est\u00e9 por debajo del \u00edndice de inflaci\u00f3n.<\/p>\n\n\n\n<p>\u201cLa Cuarta Transformaci\u00f3n no debe ir hacia atr\u00e1s, eso es lo que nos distingue de los conservadores, de quienes quieren regresar por sus fueros. Nosotros queremos seguir consolidando esta nueva pol\u00edtica y reformar los poderes f\u00e1cticos que fueron alimentados en una rep\u00fablica pero lamentablemente alejados del pueblo\u201d, expres\u00f3.<\/p>\n\n\n\n<p>El 31 de enero de 1824, el Congreso Constituyente reconoci\u00f3 al estado de Veracruz mediante el establecimiento de su Legislatura, Tribunal de Justicia y el nombramiento de su gobernador, por ello se unieron a la celebraci\u00f3n las presidentas del Congreso local, diputada Adriana Esther Mart\u00ednez S\u00e1nchez, y del Tribunal Superior de Justicia, magistrada Lisbeth Aurelia Jim\u00e9nez Aguirre.<\/p>\n\n\n\n<p>A fin de recordar los hechos que Veracruz ha protagonizado y llevaron a la ca\u00edda del Primer Imperio Mexicano, fueron presentados videos alusivos a la creaci\u00f3n de los Poderes. Estuvieron el comandante de la 26\/a Zona Militar, Rub\u00e9n Zamudio Mat\u00edas; el jefe del Estado Mayor de la Tercera Regi\u00f3n Naval, Pablo Gabriel Alc\u00e1ntara Silva; los secretarios de Gobierno, Carlos Ju\u00e1rez Gil, y Cultura, Silvia Alejandre Prado; el coordinador de la Guardia Nacional, Vicente Dimayuga Canales, y el alcalde Delfino Ortega Mart\u00ednez.<\/p>\n\n\n\n<p><strong>#ElVeracruzanoVIP &#8211; <\/strong><a href=\"https:\/\/www.facebook.com\/ElVeracruzanoVIP\/\">El Veracruzano VIP<\/a><\/p>\n","protected":false},"excerpt":{"rendered":"<p>#GobiernoDeVeracruz.- La firma del pacto federal en 1824 fue un momento clave en la consolidaci\u00f3n de un Estado republicano y<\/p>\n","protected":false},"author":4,"featured_media":7348,"comment_status":"open","ping_status":"open","sticky":false,"template":"","format":"standard","meta":{"colormag_page_container_layout":"default_layout","colormag_page_sidebar_layout":"default_layout","rop_custom_images_group":[],"rop_custom_messages_group":[],"rop_publish_now":"initial","rop_publish_now_accounts":{"facebook_109133384920963_108472061465099":""},"rop_publish_now_history":[],"rop_publish_now_status":"pending","footnotes":""},"categories":[13],"tags":[17,20,18,19,21],"class_list":["post-7347","post","type-post","status-publish","format-standard","has-post-thumbnail","hentry","category-principales","tag-cuitlahuac-garcia-jimenez","tag-enterate","tag-gobierno-del-estado-de-veracruz","tag-redes-sociales","tag-ultima-hora"],"_links":{"self":[{"href":"http:\/\/elveracruzano.vip\/index.php?rest_route=\/wp\/v2\/posts\/7347","targetHints":{"allow":["GET"]}}],"collection":[{"href":"http:\/\/elveracruzano.vip\/index.php?rest_route=\/wp\/v2\/posts"}],"about":[{"href":"http:\/\/elveracruzano.vip\/index.php?rest_route=\/wp\/v2\/types\/post"}],"author":[{"embeddable":true,"href":"http:\/\/elveracruzano.vip\/index.php?rest_route=\/wp\/v2\/users\/4"}],"replies":[{"embeddable":true,"href":"http:\/\/elveracruzano.vip\/index.php?rest_route=%2Fwp%2Fv2%2Fcomments&post=7347"}],"version-history":[{"count":1,"href":"http:\/\/elveracruzano.vip\/index.php?rest_route=\/wp\/v2\/posts\/7347\/revisions"}],"predecessor-version":[{"id":7349,"href":"http:\/\/elveracruzano.vip\/index.php?rest_route=\/wp\/v2\/posts\/7347\/revisions\/7349"}],"wp:featuredmedia":[{"embeddable":true,"href":"http:\/\/elveracruzano.vip\/index.php?rest_route=\/wp\/v2\/media\/7348"}],"wp:attachment":[{"href":"http:\/\/elveracruzano.vip\/index.php?rest_route=%2Fwp%2Fv2%2Fmedia&parent=7347"}],"wp:term":[{"taxonomy":"category","embeddable":true,"href":"http:\/\/elveracruzano.vip\/index.php?rest_route=%2Fwp%2Fv2%2Fcategories&post=7347"},{"taxonomy":"post_tag","embeddable":true,"href":"http:\/\/elveracruzano.vip\/index.php?rest_route=%2Fwp%2Fv2%2Ftags&post=7347"}],"curies":[{"name":"wp","href":"https:\/\/api.w.org\/{rel}","templated":true}]}}