{"id":7160,"date":"2023-12-19T20:11:47","date_gmt":"2023-12-20T02:11:47","guid":{"rendered":"https:\/\/elveracruzano.vip\/?p=7160"},"modified":"2023-12-19T20:11:47","modified_gmt":"2023-12-20T02:11:47","slug":"realizan-empresarios-y-autoridades-de-cordoba-expo-transporte-2023-pdtejuanmtnez-aytocordobaver","status":"publish","type":"post","link":"http:\/\/elveracruzano.vip\/?p=7160","title":{"rendered":"Realizan empresarios y autoridades de C\u00f3rdoba Expo Transporte 2023 \/ @PdteJuanMtnez @AytoCordobaVer >>>"},"content":{"rendered":"\n<p><strong>#C\u00f3rdoba, #Ver.-<\/strong> \u00a0La C\u00e1mara Nacional del Autotransporte de Carga (CANACAR), celebr\u00f3 en d\u00edas pasados sus 35 a\u00f1os de fundaci\u00f3n con la realizaci\u00f3n de una Expo Transporte 2023, en donde participaron m\u00e1s de 400 empresarios, que exhibieron unidades de reciente modelo y de todas las marcas que hay en el mercado, adem\u00e1s de las unidades escuela en donde muestran la capacitaci\u00f3n de los operadores.<\/p>\n\n\n\n<p>La Direcci\u00f3n de Desarrollo Econ\u00f3mico, a trav\u00e9s de la Jefatura de Programas e Inversiones que preside Guillermo Sacre Hazouri, reuni\u00f3 a esta c\u00fapula empresarial, tal como lo ha instruido el presidente municipal Juan Mart\u00ednez Flores, de seguir apoyando a este sector y brindar todas las facilidades para que cada vez m\u00e1s empresarios lleguen a C\u00f3rdoba a invertir y dar fuentes de empleo para mejorar nuestra Regi\u00f3n.<\/p>\n\n\n\n<p>En este evento estuvieron presentes y cortaron el list\u00f3n inaugural, el director de Servicios Municipales, Alfonso Palma Huchin, la regidora cuarta, Mar\u00eda Luisa Mart\u00ednez Ram\u00edrez y el director de Desarrollo Econ\u00f3mico, Adri\u00e1n Fuentes Talavera.<\/p>\n\n\n\n<p>El presidente y delegado de la Canacar regi\u00f3n C\u00f3rdoba-Orizaba, Enrique Rustrian Villanueva, present\u00f3 a los invitados especiales como Rosalba Flores Ruiz, en representaci\u00f3n del presidente nacional de la Canacar, Miguelina L\u00f3pez Hern\u00e1ndez, delegada Canacar Veracruz Puerto, a los presidentes de la Canaco C\u00f3rdoba, C.P. Jos\u00e9 Antonio Mora Farias y CCE de esta Ciudad, Carlos Lara \u00c1lvarez.<\/p>\n\n\n\n<p>En el mismo evento se tom\u00f3 protesta al nuevo presidente y delegado de esta asociaci\u00f3n, Jos\u00e9 Carlos Gilbert Pena, quien sustituye al Enrique Rustrian Villanueva.<\/p>\n\n\n\n<p>Empresas como Freightliner, Foton, Faw Trucks, Kenworth, Man, Scania, Navistar, Seguros GNP, Tip e International estuvieron presentes en la exposici\u00f3n.<\/p>\n\n\n\n<p>El grupo empresarial de C\u00f3rdoba y de la regi\u00f3n, agradecieron al Alcalde de C\u00f3rdoba su apoyo para llevar a cabo dicha Expo Transporte 2023 y aseguraron que este evento se efectuar\u00e1 a\u00f1o con a\u00f1o para reiterar la buena relaci\u00f3n existente entre municipio\u00a0y\u00a0empresarios.<\/p>\n\n\n\n<p><strong>#ElVeracruzanoVIP &#8211; <\/strong><a href=\"https:\/\/www.facebook.com\/ElVeracruzanoVIP\/\">El Veracruzano VIP<\/a><\/p>\n","protected":false},"excerpt":{"rendered":"<p>#C\u00f3rdoba, #Ver.- \u00a0La C\u00e1mara Nacional del Autotransporte de Carga (CANACAR), celebr\u00f3 en d\u00edas pasados sus 35 a\u00f1os de fundaci\u00f3n con<\/p>\n","protected":false},"author":4,"featured_media":7161,"comment_status":"open","ping_status":"open","sticky":false,"template":"","format":"standard","meta":{"colormag_page_container_layout":"default_layout","colormag_page_sidebar_layout":"default_layout","rop_custom_images_group":[],"rop_custom_messages_group":[],"rop_publish_now":"initial","rop_publish_now_accounts":{"facebook_109133384920963_108472061465099":""},"rop_publish_now_history":[],"rop_publish_now_status":"pending","footnotes":""},"categories":[11],"tags":[36,20,66,19,21],"class_list":["post-7160","post","type-post","status-publish","format-standard","has-post-thumbnail","hentry","category-municipios-destacados","tag-cordoba","tag-enterate","tag-juan-martinez-flores","tag-redes-sociales","tag-ultima-hora"],"_links":{"self":[{"href":"http:\/\/elveracruzano.vip\/index.php?rest_route=\/wp\/v2\/posts\/7160","targetHints":{"allow":["GET"]}}],"collection":[{"href":"http:\/\/elveracruzano.vip\/index.php?rest_route=\/wp\/v2\/posts"}],"about":[{"href":"http:\/\/elveracruzano.vip\/index.php?rest_route=\/wp\/v2\/types\/post"}],"author":[{"embeddable":true,"href":"http:\/\/elveracruzano.vip\/index.php?rest_route=\/wp\/v2\/users\/4"}],"replies":[{"embeddable":true,"href":"http:\/\/elveracruzano.vip\/index.php?rest_route=%2Fwp%2Fv2%2Fcomments&post=7160"}],"version-history":[{"count":1,"href":"http:\/\/elveracruzano.vip\/index.php?rest_route=\/wp\/v2\/posts\/7160\/revisions"}],"predecessor-version":[{"id":7162,"href":"http:\/\/elveracruzano.vip\/index.php?rest_route=\/wp\/v2\/posts\/7160\/revisions\/7162"}],"wp:featuredmedia":[{"embeddable":true,"href":"http:\/\/elveracruzano.vip\/index.php?rest_route=\/wp\/v2\/media\/7161"}],"wp:attachment":[{"href":"http:\/\/elveracruzano.vip\/index.php?rest_route=%2Fwp%2Fv2%2Fmedia&parent=7160"}],"wp:term":[{"taxonomy":"category","embeddable":true,"href":"http:\/\/elveracruzano.vip\/index.php?rest_route=%2Fwp%2Fv2%2Fcategories&post=7160"},{"taxonomy":"post_tag","embeddable":true,"href":"http:\/\/elveracruzano.vip\/index.php?rest_route=%2Fwp%2Fv2%2Ftags&post=7160"}],"curies":[{"name":"wp","href":"https:\/\/api.w.org\/{rel}","templated":true}]}}