{"id":6816,"date":"2023-10-24T19:26:32","date_gmt":"2023-10-25T01:26:32","guid":{"rendered":"http:\/\/elveracruzano.vip\/?p=6816"},"modified":"2023-10-24T19:26:33","modified_gmt":"2023-10-25T01:26:33","slug":"inicio-2do-festival-de-aves-migratorias-2023-que-organiza-el-gobierno-de-tepic-en-nayarit-geraldineponcem-gobiernodetepic","status":"publish","type":"post","link":"http:\/\/elveracruzano.vip\/?p=6816","title":{"rendered":"Inici\u00f3 2do. Festival de Aves Migratorias 2023 que organiza el gobierno de Tepic, en Nayarit \/ @GeraldinePonceM @Gobiernodetepic >>>"},"content":{"rendered":"\n<p><strong>#Tepic, #Nay.-&nbsp;<\/strong>Inici\u00f3 el Festival de Aves Migratorias 2023 que organiza el Gobierno de Geraldine Ponce, a trav\u00e9s de la direcci\u00f3n de Medio Ambiente y Desarrollo Sustentable de Tepic, en el marco de la celebraci\u00f3n del Mes de los Parques.<\/p>\n\n\n\n<p>Abraham Sandoval, director general de Medio Ambiente y Desarrollo Sustentable de Tepic, a nombre de la Presidenta Municipal, Ing. Geraldine Ponce, llev\u00f3 a cabo la inauguraci\u00f3n de este segundo Festival, que se une a la educaci\u00f3n ambiental, para inspirar conciencia y participaci\u00f3n en la conservaci\u00f3n de nuestros ecosistemas y el valioso papel que desempe\u00f1an las aves en el medio ambiente.<\/p>\n\n\n\n<p>Actualmente, el Parque Ecol\u00f3gico ha registrado cerca de 286 aves distintas, tanto residentes como migratorias.<\/p>\n\n\n\n<p>El Gobierno de Geraldine Ponce, te invita a visitar el Parque Ecol\u00f3gico Tachi\u2019\u00ed, y ser parte de este Festival, conocer los senderos guiados, rutas de observaci\u00f3n de aves, participar en los talleres de dibujo, composta y huertos urbanos, que se realizar\u00e1n durante toda la semana, con un horario de 9 de la ma\u00f1ana a 2 de la tarde. \u00danete y se parte de estas actividades que promueven el cuidado de las aves y de nuestro entorno.<\/p>\n\n\n\n<p><strong>#ElVeracruzanoVIP &#8211; <\/strong><a href=\"https:\/\/www.facebook.com\/ElVeracruzanoVIP\/\">El Veracruzano VIP<\/a><\/p>\n","protected":false},"excerpt":{"rendered":"<p>#Tepic, #Nay.-&nbsp;Inici\u00f3 el Festival de Aves Migratorias 2023 que organiza el Gobierno de Geraldine Ponce, a trav\u00e9s de la direcci\u00f3n<\/p>\n","protected":false},"author":4,"featured_media":6817,"comment_status":"open","ping_status":"open","sticky":false,"template":"","format":"standard","meta":{"colormag_page_container_layout":"default_layout","colormag_page_sidebar_layout":"default_layout","rop_custom_images_group":[],"rop_custom_messages_group":[],"rop_publish_now":"initial","rop_publish_now_accounts":{"facebook_109133384920963_108472061465099":""},"rop_publish_now_history":[],"rop_publish_now_status":"pending","footnotes":""},"categories":[12],"tags":[70,20,103,19,21],"class_list":["post-6816","post","type-post","status-publish","format-standard","has-post-thumbnail","hentry","category-municipios-en-mexico","tag-ayuntamiento-de-tepic","tag-enterate","tag-geraldine-ponce","tag-redes-sociales","tag-ultima-hora"],"_links":{"self":[{"href":"http:\/\/elveracruzano.vip\/index.php?rest_route=\/wp\/v2\/posts\/6816","targetHints":{"allow":["GET"]}}],"collection":[{"href":"http:\/\/elveracruzano.vip\/index.php?rest_route=\/wp\/v2\/posts"}],"about":[{"href":"http:\/\/elveracruzano.vip\/index.php?rest_route=\/wp\/v2\/types\/post"}],"author":[{"embeddable":true,"href":"http:\/\/elveracruzano.vip\/index.php?rest_route=\/wp\/v2\/users\/4"}],"replies":[{"embeddable":true,"href":"http:\/\/elveracruzano.vip\/index.php?rest_route=%2Fwp%2Fv2%2Fcomments&post=6816"}],"version-history":[{"count":1,"href":"http:\/\/elveracruzano.vip\/index.php?rest_route=\/wp\/v2\/posts\/6816\/revisions"}],"predecessor-version":[{"id":6818,"href":"http:\/\/elveracruzano.vip\/index.php?rest_route=\/wp\/v2\/posts\/6816\/revisions\/6818"}],"wp:featuredmedia":[{"embeddable":true,"href":"http:\/\/elveracruzano.vip\/index.php?rest_route=\/wp\/v2\/media\/6817"}],"wp:attachment":[{"href":"http:\/\/elveracruzano.vip\/index.php?rest_route=%2Fwp%2Fv2%2Fmedia&parent=6816"}],"wp:term":[{"taxonomy":"category","embeddable":true,"href":"http:\/\/elveracruzano.vip\/index.php?rest_route=%2Fwp%2Fv2%2Fcategories&post=6816"},{"taxonomy":"post_tag","embeddable":true,"href":"http:\/\/elveracruzano.vip\/index.php?rest_route=%2Fwp%2Fv2%2Ftags&post=6816"}],"curies":[{"name":"wp","href":"https:\/\/api.w.org\/{rel}","templated":true}]}}