{"id":6804,"date":"2023-10-24T19:15:31","date_gmt":"2023-10-25T01:15:31","guid":{"rendered":"http:\/\/elveracruzano.vip\/?p=6804"},"modified":"2023-10-24T19:15:33","modified_gmt":"2023-10-25T01:15:33","slug":"dedicara-ayuntamiento-de-xalapa-altar-de-muertos-al-maestro-antolin-guzman-ahuedricardo-aytoxalapa","status":"publish","type":"post","link":"http:\/\/elveracruzano.vip\/?p=6804","title":{"rendered":"Dedicar\u00e1 ayuntamiento de Xalapa Altar de Muertos al maestro Antol\u00edn Guzm\u00e1n \/ @ahuedricardo @AytoXalapa >>>"},"content":{"rendered":"\n<p><strong>#Xalapa, #Ver.-<\/strong> La memoria del maestro Antol\u00edn Guzm\u00e1n Salazar, destacado promotor de la m\u00fasica jarocha y fundador de coros y grupos art\u00edsticos como la Escuela de Iniciaci\u00f3n Musical \u201cJuventino Rosas\u201d, y de danza en distintas primarias del estado y la Benem\u00e9rita Escuela Normal Veracruzana (BENV), ser\u00e1 recordada por el Ayuntamiento, que este a\u00f1o le dedicar\u00e1 su Altar de Muertos.<\/p>\n\n\n\n<p>Su ofrenda ser\u00e1 inaugurada el pr\u00f3ximo mi\u00e9rcoles 25 de octubre a las 18:00 horas en los bajos del Palacio Municipal, evento que contar\u00e1 con un espect\u00e1culo del Ballet Folcl\u00f3rico de la BENV, son jarocho y la Orquesta de M\u00fasica T\u00edpica, as\u00ed como una exposici\u00f3n de catrinas, pan, caf\u00e9 y artesan\u00edas del Taller de Arte Popular (TAP).<\/p>\n\n\n\n<p>En 1970, Guzm\u00e1n Salazar cre\u00f3 la Orquesta T\u00edpica Infantil, que se ha presentado en Los Pinos, el Palacio de Bellas Artes y escenarios internacionales en Barcelona y La Habana, ofreciendo su espect\u00e1culo ante personalidades de renombre, como la Reina Isabel II.<\/p>\n\n\n\n<p>El lunes 23 de octubre, a las 19:00 horas en el Teatro J.J. Herrera, Hugo Salcedo presentar\u00e1 su obra \u201cCocinar con el coraz\u00f3n\u201d.<\/p>\n\n\n\n<p>En el \u201cMovie martes\u201d de este 24 de octubre se proyectar\u00e1 la pel\u00edcula \u201cEl amanecer de los muertos\u201d (EEUU 2004), del director Zack Snyder, a las 18:00 horas en el Teatro J.J. Herrera; a las 19:00 horas en el Centro Recreativo Xalape\u00f1o (CRX), se exhibir\u00e1 el filme \u201cM\u00fbp\u00e3\u201d, del director David Herrera, como parte del Ciclo de Cine \u201cDoctubre\u201d; y a la misma hora, pero en el lobby de la Iniciativa Municipal de Arte y Cultura (IMAC), se inaugurar\u00e1 un Altar de Muertos con la participaci\u00f3n de la Orquesta Pauta Nueva y el Ballet Folkl\u00f3rico Aztl\u00e1n.<\/p>\n\n\n\n<p>El 25 de octubre, la Secretar\u00eda de Gobierno de Veracruz (Segob), inaugurar\u00e1 la exposici\u00f3n de Cr\u00e1neos Decorados y Catrinas Monumentales a las 9:00 horas en la plaza Lerdo, y en el mismo horario, pero en el Barrio M\u00e1gico de Xallitic, se desarrollar\u00e1 el \u201cMercado Ecol\u00f3gico Verde\u201d; a las 11:00 horas los alumnos del Telebachillerato de Veracruz (Tebaev) y la Orquesta Pauta Nueva realizar\u00e1n su \u201cXantolo en el TAP\u201d.<\/p>\n\n\n\n<p><strong>#ElVeracruzanoVIP &#8211; <\/strong><a href=\"https:\/\/www.facebook.com\/ElVeracruzanoVIP\/\">El Veracruzano VIP<\/a><\/p>\n","protected":false},"excerpt":{"rendered":"<p>#Xalapa, #Ver.- La memoria del maestro Antol\u00edn Guzm\u00e1n Salazar, destacado promotor de la m\u00fasica jarocha y fundador de coros y<\/p>\n","protected":false},"author":4,"featured_media":6805,"comment_status":"open","ping_status":"open","sticky":false,"template":"","format":"standard","meta":{"colormag_page_container_layout":"default_layout","colormag_page_sidebar_layout":"default_layout","rop_custom_images_group":[],"rop_custom_messages_group":[],"rop_publish_now":"initial","rop_publish_now_accounts":{"facebook_109133384920963_108472061465099":""},"rop_publish_now_history":[],"rop_publish_now_status":"pending","footnotes":""},"categories":[11],"tags":[20,19,77,21,32],"class_list":["post-6804","post","type-post","status-publish","format-standard","has-post-thumbnail","hentry","category-municipios-destacados","tag-enterate","tag-redes-sociales","tag-ricardo-ahued-bardahuil","tag-ultima-hora","tag-xalapa"],"_links":{"self":[{"href":"http:\/\/elveracruzano.vip\/index.php?rest_route=\/wp\/v2\/posts\/6804","targetHints":{"allow":["GET"]}}],"collection":[{"href":"http:\/\/elveracruzano.vip\/index.php?rest_route=\/wp\/v2\/posts"}],"about":[{"href":"http:\/\/elveracruzano.vip\/index.php?rest_route=\/wp\/v2\/types\/post"}],"author":[{"embeddable":true,"href":"http:\/\/elveracruzano.vip\/index.php?rest_route=\/wp\/v2\/users\/4"}],"replies":[{"embeddable":true,"href":"http:\/\/elveracruzano.vip\/index.php?rest_route=%2Fwp%2Fv2%2Fcomments&post=6804"}],"version-history":[{"count":1,"href":"http:\/\/elveracruzano.vip\/index.php?rest_route=\/wp\/v2\/posts\/6804\/revisions"}],"predecessor-version":[{"id":6806,"href":"http:\/\/elveracruzano.vip\/index.php?rest_route=\/wp\/v2\/posts\/6804\/revisions\/6806"}],"wp:featuredmedia":[{"embeddable":true,"href":"http:\/\/elveracruzano.vip\/index.php?rest_route=\/wp\/v2\/media\/6805"}],"wp:attachment":[{"href":"http:\/\/elveracruzano.vip\/index.php?rest_route=%2Fwp%2Fv2%2Fmedia&parent=6804"}],"wp:term":[{"taxonomy":"category","embeddable":true,"href":"http:\/\/elveracruzano.vip\/index.php?rest_route=%2Fwp%2Fv2%2Fcategories&post=6804"},{"taxonomy":"post_tag","embeddable":true,"href":"http:\/\/elveracruzano.vip\/index.php?rest_route=%2Fwp%2Fv2%2Ftags&post=6804"}],"curies":[{"name":"wp","href":"https:\/\/api.w.org\/{rel}","templated":true}]}}