{"id":6801,"date":"2023-10-24T19:07:12","date_gmt":"2023-10-25T01:07:12","guid":{"rendered":"http:\/\/elveracruzano.vip\/?p=6801"},"modified":"2023-10-24T19:07:13","modified_gmt":"2023-10-25T01:07:13","slug":"presidente-andres-manuel-destaca-logros-del-gobierno-de-mexico-en-materia-educativa-lopezobrador_-gobiernomx","status":"publish","type":"post","link":"http:\/\/elveracruzano.vip\/?p=6801","title":{"rendered":"Presidente Andr\u00e9s Manuel destaca logros del Gobierno de M\u00e9xico en materia educativa \/ @lopezobrador_ @GobiernoMX >>>"},"content":{"rendered":"\n<p><strong>#GobiernoDeM\u00e9xico.- <\/strong>Al inaugurar la 12\u00b0 Conferencia Internacional de Educaci\u00f3n Postsecundaria, Educaci\u00f3n Superior e Investigaci\u00f3n, el presidente Andr\u00e9s Manuel L\u00f3pez Obrador resalt\u00f3 las acciones del Gobierno de M\u00e9xico en el sector educativo y precis\u00f3 que se enmarcan en cuatro \u00e1reas: mejoras a las condiciones laborales de las y los maestros, as\u00ed como aumentos salariales; rehabilitaci\u00f3n de infraestructura escolar y, finalmente, la entrega hist\u00f3rica de becas a estudiantes de familias pobres.\u00a0<\/p>\n\n\n\n<p>Respecto a la dignificaci\u00f3n del personal de educaci\u00f3n p\u00fablica, el mandatario refiri\u00f3 que actualmente est\u00e1n basificados 900 mil maestras y maestros, quienes acceden a un sueldo promedio de 16 mil pesos.<\/p>\n\n\n\n<p>\u201cAhora estamos trabajando en unidad con maestras, con maestros y hemos avanzado\u201d, acot\u00f3 en el Centro Cultural del M\u00e9xico Contempor\u00e1neo en la Ciudad de M\u00e9xico.<\/p>\n\n\n\n<p>En tercer lugar, la federaci\u00f3n aplica La Escuela es Nuestra, iniciativa orientada al mantenimiento y equipamiento de planteles de educaci\u00f3n b\u00e1sica en beneficio de las ni\u00f1as, ni\u00f1os y adolescentes, a trav\u00e9s de la entrega directa de recursos a asociaciones de padres y madres de familia.<\/p>\n\n\n\n<p>\u201cVamos a llegar el a\u00f1o pr\u00f3ximo a entregar a 130 mil escuelas presupuesto para el mantenimiento\u201d, estim\u00f3 el jefe del Ejecutivo.<\/p>\n\n\n\n<p>La entrega de becas a estudiantes desde educaci\u00f3n b\u00e1sica hasta nivel superior registra alcances sin precedentes, refiri\u00f3.<\/p>\n\n\n\n<p>Destac\u00f3 que la distribuci\u00f3n de estos apoyos en educaci\u00f3n media superior es universal y llega a cuatro millones de estudiantes de bachillerato, lo que redujo la deserci\u00f3n escolar.<\/p>\n\n\n\n<p><strong>#ElVeracruzanoVIP &#8211; <\/strong><a href=\"https:\/\/www.facebook.com\/ElVeracruzanoVIP\/\">El Veracruzano VIP<\/a><\/p>\n","protected":false},"excerpt":{"rendered":"<p>#GobiernoDeM\u00e9xico.- Al inaugurar la 12\u00b0 Conferencia Internacional de Educaci\u00f3n Postsecundaria, Educaci\u00f3n Superior e Investigaci\u00f3n, el presidente Andr\u00e9s Manuel L\u00f3pez Obrador<\/p>\n","protected":false},"author":4,"featured_media":6802,"comment_status":"open","ping_status":"open","sticky":false,"template":"","format":"standard","meta":{"colormag_page_container_layout":"default_layout","colormag_page_sidebar_layout":"default_layout","rop_custom_images_group":[],"rop_custom_messages_group":[],"rop_publish_now":"initial","rop_publish_now_accounts":{"facebook_109133384920963_108472061465099":""},"rop_publish_now_history":[],"rop_publish_now_status":"pending","footnotes":""},"categories":[13],"tags":[28,20,29,19,21],"class_list":["post-6801","post","type-post","status-publish","format-standard","has-post-thumbnail","hentry","category-principales","tag-andres-manuel-lopez-obrado","tag-enterate","tag-gobierno-de-mexico","tag-redes-sociales","tag-ultima-hora"],"_links":{"self":[{"href":"http:\/\/elveracruzano.vip\/index.php?rest_route=\/wp\/v2\/posts\/6801","targetHints":{"allow":["GET"]}}],"collection":[{"href":"http:\/\/elveracruzano.vip\/index.php?rest_route=\/wp\/v2\/posts"}],"about":[{"href":"http:\/\/elveracruzano.vip\/index.php?rest_route=\/wp\/v2\/types\/post"}],"author":[{"embeddable":true,"href":"http:\/\/elveracruzano.vip\/index.php?rest_route=\/wp\/v2\/users\/4"}],"replies":[{"embeddable":true,"href":"http:\/\/elveracruzano.vip\/index.php?rest_route=%2Fwp%2Fv2%2Fcomments&post=6801"}],"version-history":[{"count":1,"href":"http:\/\/elveracruzano.vip\/index.php?rest_route=\/wp\/v2\/posts\/6801\/revisions"}],"predecessor-version":[{"id":6803,"href":"http:\/\/elveracruzano.vip\/index.php?rest_route=\/wp\/v2\/posts\/6801\/revisions\/6803"}],"wp:featuredmedia":[{"embeddable":true,"href":"http:\/\/elveracruzano.vip\/index.php?rest_route=\/wp\/v2\/media\/6802"}],"wp:attachment":[{"href":"http:\/\/elveracruzano.vip\/index.php?rest_route=%2Fwp%2Fv2%2Fmedia&parent=6801"}],"wp:term":[{"taxonomy":"category","embeddable":true,"href":"http:\/\/elveracruzano.vip\/index.php?rest_route=%2Fwp%2Fv2%2Fcategories&post=6801"},{"taxonomy":"post_tag","embeddable":true,"href":"http:\/\/elveracruzano.vip\/index.php?rest_route=%2Fwp%2Fv2%2Ftags&post=6801"}],"curies":[{"name":"wp","href":"https:\/\/api.w.org\/{rel}","templated":true}]}}