{"id":6770,"date":"2023-10-09T19:56:00","date_gmt":"2023-10-10T01:56:00","guid":{"rendered":"http:\/\/elveracruzano.vip\/?p=6770"},"modified":"2023-11-14T20:42:01","modified_gmt":"2023-11-15T02:42:01","slug":"realizan-encendido-de-arbol-con-luces-rosas-en-conmemoracion-del-dia-mundial-del-cancer-de-mama-dramedelpalma-gobminatitlan","status":"publish","type":"post","link":"http:\/\/elveracruzano.vip\/?p=6770","title":{"rendered":"Realizan encendido de \u00e1rbol con luces rosas en conmemoraci\u00f3n del D\u00eda Mundial del C\u00e1ncer de Mama \/ @DraMedelPalma @gobminatitlan >>>"},"content":{"rendered":"\n<p><strong>#Minatitl\u00e1n, #Ver.- <\/strong>El Gobierno Municipal de Minatitl\u00e1n dio inicio a las actividades conmemorativas de la semana del D\u00eda Mundial del C\u00e1ncer de Mama, a recordar el 19 de octubre. Como parte de esta importante iniciativa, se realiz\u00f3 el encendido del \u00e1rbol con luces rosas en las instalaciones del DIF Municipal.<\/p>\n\n\n\n<p>La alcaldesa, doctora Carmen Medel Palma, encabez\u00f3 este emotivo evento junto <a><\/a>a la presidenta del Sistema DIF Municipal, doctora Vianey del Carmen Cruz Medel. El encendido del \u00e1rbol con luces rosas simboliza el compromiso y solidaridad con todas las mujeres que han sido afectadas por esta enfermedad.<\/p>\n\n\n\n<p>\u201cQuiero aprovechar esta oportunidad para hacer un llamado a todos los habitantes de Minatitl\u00e1n: cu\u00eddense, h\u00e1ganse revisiones peri\u00f3dicas y no ignoren los signos o s\u00edntomas que puedan indicar la presencia de esta enfermedad. La detecci\u00f3n temprana puede salvar vidas y brindar mayores posibilidades de \u00e9xito en el tratamiento\u201d indic\u00f3 Medel Palma<\/p>\n\n\n\n<p>Durante toda la semana, el \u00e1rbol estar\u00e1 iluminado, adem\u00e1s, se llevar\u00e1n a cabo diversas actividades, como platicas de prevenci\u00f3n los d\u00edas 19 y 20 en sala de cabildo del Ayuntamiento, esto con el objetivo de concientizar sobre esta enfermedad y brindar apoyo a las mujeres que est\u00e1n luchando contra ella.<\/p>\n\n\n\n<p>Por su parte, Cruz Medel invit\u00f3 a toda la ciudadan\u00eda a unirse a estas actividades y mostrar su apoyo en la lucha contra el c\u00e1ncer de mama. \u201cJuntos, podemos crear conciencia, probar la detecci\u00f3n temprana y brindar el apoyo necesario a todas las mujeres que se enfrentan a esta enfermedad\u201d.<\/p>\n\n\n\n<p>De esta manera se demuestra el compromiso del Gobierno Municipal de seguir trabajando para mejorar la salud y el bienestar de todos los habitantes del municipio que florece.<\/p>\n\n\n\n<p><strong>#ElVeracruzanoVIP &#8211; <\/strong><a href=\"https:\/\/www.facebook.com\/ElVeracruzanoVIP\/\">El Veracruzano VIP<\/a><\/p>\n","protected":false},"excerpt":{"rendered":"<p>#Minatitl\u00e1n, #Ver.- El Gobierno Municipal de Minatitl\u00e1n dio inicio a las actividades conmemorativas de la semana del D\u00eda Mundial del<\/p>\n","protected":false},"author":4,"featured_media":6771,"comment_status":"open","ping_status":"open","sticky":false,"template":"","format":"standard","meta":{"colormag_page_container_layout":"default_layout","colormag_page_sidebar_layout":"default_layout","rop_custom_images_group":[],"rop_custom_messages_group":[],"rop_publish_now":"initial","rop_publish_now_accounts":{"facebook_109133384920963_108472061465099":""},"rop_publish_now_history":[],"rop_publish_now_status":"pending","footnotes":""},"categories":[8],"tags":[80,20,39,19,21],"class_list":["post-6770","post","type-post","status-publish","format-standard","has-post-thumbnail","hentry","category-alcaldesas","tag-carmen-medel-palma","tag-enterate","tag-minatitlan","tag-redes-sociales","tag-ultima-hora"],"_links":{"self":[{"href":"http:\/\/elveracruzano.vip\/index.php?rest_route=\/wp\/v2\/posts\/6770","targetHints":{"allow":["GET"]}}],"collection":[{"href":"http:\/\/elveracruzano.vip\/index.php?rest_route=\/wp\/v2\/posts"}],"about":[{"href":"http:\/\/elveracruzano.vip\/index.php?rest_route=\/wp\/v2\/types\/post"}],"author":[{"embeddable":true,"href":"http:\/\/elveracruzano.vip\/index.php?rest_route=\/wp\/v2\/users\/4"}],"replies":[{"embeddable":true,"href":"http:\/\/elveracruzano.vip\/index.php?rest_route=%2Fwp%2Fv2%2Fcomments&post=6770"}],"version-history":[{"count":1,"href":"http:\/\/elveracruzano.vip\/index.php?rest_route=\/wp\/v2\/posts\/6770\/revisions"}],"predecessor-version":[{"id":6772,"href":"http:\/\/elveracruzano.vip\/index.php?rest_route=\/wp\/v2\/posts\/6770\/revisions\/6772"}],"wp:featuredmedia":[{"embeddable":true,"href":"http:\/\/elveracruzano.vip\/index.php?rest_route=\/wp\/v2\/media\/6771"}],"wp:attachment":[{"href":"http:\/\/elveracruzano.vip\/index.php?rest_route=%2Fwp%2Fv2%2Fmedia&parent=6770"}],"wp:term":[{"taxonomy":"category","embeddable":true,"href":"http:\/\/elveracruzano.vip\/index.php?rest_route=%2Fwp%2Fv2%2Fcategories&post=6770"},{"taxonomy":"post_tag","embeddable":true,"href":"http:\/\/elveracruzano.vip\/index.php?rest_route=%2Fwp%2Fv2%2Ftags&post=6770"}],"curies":[{"name":"wp","href":"https:\/\/api.w.org\/{rel}","templated":true}]}}