{"id":6767,"date":"2023-10-17T19:50:58","date_gmt":"2023-10-18T01:50:58","guid":{"rendered":"http:\/\/elveracruzano.vip\/?p=6767"},"modified":"2023-10-17T19:50:59","modified_gmt":"2023-10-18T01:50:59","slug":"busca-gobierno-de-acapulco-en-guerrero-la-certificacion-de-instituciones-educativas-abelinalopezr-acapulco","status":"publish","type":"post","link":"http:\/\/elveracruzano.vip\/?p=6767","title":{"rendered":"Busca gobierno de Acapulco, en Guerrero, la certificaci\u00f3n de instituciones educativas \/ @AbelinaLopezR @Acapulco >>>"},"content":{"rendered":"\n<p><strong>#Acapulco, #Gro.-&nbsp;<\/strong>El Gobierno Municipal que encabeza Abelina L\u00f3pez Rodr\u00edguez contribuye en la certificaci\u00f3n de instituciones educativas como promotoras de la salud; actualmente, las primarias Ignacio Manuel Altamirano y Manuel M. Acosta se encuentran en la \u00faltima fase del proceso.<\/p>\n\n\n\n<p>La Direcci\u00f3n General de Salud Municipal inform\u00f3 que con estas acciones se busca prevenir enfermedades y combatir el sobrepeso y la obesidad, adem\u00e1s, promover entre las y los alumnos la alimentaci\u00f3n correcta, la hidrataci\u00f3n adecuada y la activaci\u00f3n f\u00edsica.<\/p>\n\n\n\n<p><strong>#ElVeracruzanoVIP &#8211; <\/strong><a href=\"https:\/\/www.facebook.com\/ElVeracruzanoVIP\/\">El Veracruzano VIP<\/a><\/p>\n","protected":false},"excerpt":{"rendered":"<p>#Acapulco, #Gro.-&nbsp;El Gobierno Municipal que encabeza Abelina L\u00f3pez Rodr\u00edguez contribuye en la certificaci\u00f3n de instituciones educativas como promotoras de la<\/p>\n","protected":false},"author":4,"featured_media":6768,"comment_status":"open","ping_status":"open","sticky":false,"template":"","format":"standard","meta":{"colormag_page_container_layout":"default_layout","colormag_page_sidebar_layout":"default_layout","rop_custom_images_group":[],"rop_custom_messages_group":[],"rop_publish_now":"initial","rop_publish_now_accounts":{"facebook_109133384920963_108472061465099":""},"rop_publish_now_history":[],"rop_publish_now_status":"pending","footnotes":""},"categories":[12],"tags":[94,67,20,19,21],"class_list":["post-6767","post","type-post","status-publish","format-standard","has-post-thumbnail","hentry","category-municipios-en-mexico","tag-abelina-lopez-rodriguez","tag-acapulco","tag-enterate","tag-redes-sociales","tag-ultima-hora"],"_links":{"self":[{"href":"http:\/\/elveracruzano.vip\/index.php?rest_route=\/wp\/v2\/posts\/6767","targetHints":{"allow":["GET"]}}],"collection":[{"href":"http:\/\/elveracruzano.vip\/index.php?rest_route=\/wp\/v2\/posts"}],"about":[{"href":"http:\/\/elveracruzano.vip\/index.php?rest_route=\/wp\/v2\/types\/post"}],"author":[{"embeddable":true,"href":"http:\/\/elveracruzano.vip\/index.php?rest_route=\/wp\/v2\/users\/4"}],"replies":[{"embeddable":true,"href":"http:\/\/elveracruzano.vip\/index.php?rest_route=%2Fwp%2Fv2%2Fcomments&post=6767"}],"version-history":[{"count":1,"href":"http:\/\/elveracruzano.vip\/index.php?rest_route=\/wp\/v2\/posts\/6767\/revisions"}],"predecessor-version":[{"id":6769,"href":"http:\/\/elveracruzano.vip\/index.php?rest_route=\/wp\/v2\/posts\/6767\/revisions\/6769"}],"wp:featuredmedia":[{"embeddable":true,"href":"http:\/\/elveracruzano.vip\/index.php?rest_route=\/wp\/v2\/media\/6768"}],"wp:attachment":[{"href":"http:\/\/elveracruzano.vip\/index.php?rest_route=%2Fwp%2Fv2%2Fmedia&parent=6767"}],"wp:term":[{"taxonomy":"category","embeddable":true,"href":"http:\/\/elveracruzano.vip\/index.php?rest_route=%2Fwp%2Fv2%2Fcategories&post=6767"},{"taxonomy":"post_tag","embeddable":true,"href":"http:\/\/elveracruzano.vip\/index.php?rest_route=%2Fwp%2Fv2%2Ftags&post=6767"}],"curies":[{"name":"wp","href":"https:\/\/api.w.org\/{rel}","templated":true}]}}